{"id":504,"date":"2011-06-01T12:53:24","date_gmt":"2011-06-01T11:53:24","guid":{"rendered":"http:\/\/www.amicale-aeap.fr\/word\/?p=504"},"modified":"2011-06-05T18:12:39","modified_gmt":"2011-06-05T17:12:39","slug":"inauguration-de-la-cafet","status":"publish","type":"post","link":"https:\/\/www.amicale-aeap.fr\/word\/2011\/06\/01\/inauguration-de-la-cafet\/","title":{"rendered":"Inauguration de la caf\u00e9t&rsquo;"},"content":{"rendered":"<p>La caf\u00e9t\u00e9ria \u00ab\u00a0new generation\u00a0\u00bb a \u00e9t\u00e9 inaugur\u00e9e comme il se doit avec un ruban coup\u00e9, quelques bulles et des petites douceurs.<\/p>\n<p><img loading=\"lazy\" decoding=\"async\" class=\"size-medium wp-image-518 alignleft\" title=\"Moment officiel...\" src=\"http:\/\/www.amicale-aeap.fr\/word\/wp-content\/uploads\/2011\/06\/Inauguration-Cafet_02-200x300.jpg\" alt=\"\" width=\"160\" height=\"237\" \/><\/p>\n<p style=\"text-align: left;\"><a href=\"http:\/\/www.amicale-aeap.fr\/word\/wp-content\/uploads\/2011\/06\/Inauguration-Cafet_02.jpg\"><\/a><\/p>\n<p style=\"text-align: left;\"><a href=\"http:\/\/www.amicale-aeap.fr\/word\/wp-content\/uploads\/2011\/06\/Inauguration-Cafet_14.jpg\"><img loading=\"lazy\" decoding=\"async\" class=\"size-medium wp-image-519 aligncenter\" title=\"Inauguration Cafet_14\" src=\"http:\/\/www.amicale-aeap.fr\/word\/wp-content\/uploads\/2011\/06\/Inauguration-Cafet_14-300x200.jpg\" alt=\"\" width=\"303\" height=\"225\" \/><\/a><\/p>\n<p style=\"text-align: left;\"><a href=\"http:\/\/www.amicale-aeap.fr\/word\/wp-content\/uploads\/2011\/06\/Inauguration-Cafet_06.jpg\"><\/a><\/p>\n<p style=\"text-align: left;\">Une soixantaine d&rsquo;agents \u00e9taient pr\u00e9sents pour d\u00e9couvrir les modifications qui ont \u00e9t\u00e9 apport\u00e9es \u00e0 ce lieu afin de le rendre plus convivial : cabriolets, canap\u00e9 et poufs (qui font beaucoup parler d&rsquo;eux!) pour plus de confort, un \u00e9cran pour faire d\u00e9filer les derni\u00e8res nouvelles, des d\u00e9corations (cadres photos, inscription, plantes) pour embellir et de nouvelles machines pour les boissons qui ont \u00e9t\u00e9 d\u00e9plac\u00e9es pour donner plus d&rsquo;espace.<\/p>\n<p style=\"text-align: left;\"><a href=\"http:\/\/www.amicale-aeap.fr\/word\/wp-content\/uploads\/2011\/06\/Inauguration-Cafet_05.jpg\"><img loading=\"lazy\" decoding=\"async\" class=\"alignleft size-medium wp-image-520\" title=\"Inauguration Cafet_05\" src=\"http:\/\/www.amicale-aeap.fr\/word\/wp-content\/uploads\/2011\/06\/Inauguration-Cafet_05-300x199.jpg\" alt=\"\" width=\"268\" height=\"151\" \/><\/a><\/p>\n<p style=\"text-align: center;\"><a href=\"http:\/\/www.amicale-aeap.fr\/word\/wp-content\/uploads\/2011\/06\/Inauguration-Cafet_06.jpg\"><img loading=\"lazy\" decoding=\"async\" class=\"alignright size-medium wp-image-521\" title=\"Inauguration Cafet_06\" src=\"http:\/\/www.amicale-aeap.fr\/word\/wp-content\/uploads\/2011\/06\/Inauguration-Cafet_06-300x199.jpg\" alt=\"\" width=\"246\" height=\"166\" \/><\/a><\/p>\n<p style=\"text-align: center;\">&nbsp;<\/p>\n<p style=\"text-align: center;\">&nbsp;<\/p>\n<p style=\"text-align: center;\">&nbsp;<\/p>\n<p style=\"text-align: center;\">&nbsp;<\/p>\n<p style=\"text-align: center;\">&nbsp;<\/p>\n<p style=\"text-align: center;\">Merci \u00e0 la Direction, \u00e0 Etienne et Olivier W.\u00a0d&rsquo;avoir men\u00e9 les travaux d&rsquo;am\u00e9nagement\u00a0de la pi\u00e8ce\u00a0et \u00e0 Nadine, Jean-Luc et Thierry pour la d\u00e9coration et la n\u00e9gociation de mat\u00e9riel neuf.<\/p>\n<p style=\"text-align: center;\">Il n&rsquo;y a plus qu&rsquo;\u00e0 en profiter !<\/p>\n","protected":false},"excerpt":{"rendered":"<p>La caf\u00e9t\u00e9ria \u00ab\u00a0new generation\u00a0\u00bb a \u00e9t\u00e9 inaugur\u00e9e comme il se doit avec un ruban coup\u00e9, quelques bulles et des petites douceurs. Une soixantaine d&rsquo;agents \u00e9taient pr\u00e9sents pour d\u00e9couvrir les modifications qui ont \u00e9t\u00e9 apport\u00e9es \u00e0 ce lieu afin de le rendre plus convivial : cabriolets, canap\u00e9 et poufs (qui font [&hellip;]<\/p>\n","protected":false},"author":156,"featured_media":0,"comment_status":"open","ping_status":"closed","sticky":false,"template":"","format":"standard","meta":{"footnotes":""},"categories":[8,7],"tags":[],"class_list":["post-504","post","type-post","status-publish","format-standard","hentry","category-perso","category-40ans"],"_links":{"self":[{"href":"https:\/\/www.amicale-aeap.fr\/word\/wp-json\/wp\/v2\/posts\/504","targetHints":{"allow":["GET"]}}],"collection":[{"href":"https:\/\/www.amicale-aeap.fr\/word\/wp-json\/wp\/v2\/posts"}],"about":[{"href":"https:\/\/www.amicale-aeap.fr\/word\/wp-json\/wp\/v2\/types\/post"}],"author":[{"embeddable":true,"href":"https:\/\/www.amicale-aeap.fr\/word\/wp-json\/wp\/v2\/users\/156"}],"replies":[{"embeddable":true,"href":"https:\/\/www.amicale-aeap.fr\/word\/wp-json\/wp\/v2\/comments?post=504"}],"version-history":[{"count":19,"href":"https:\/\/www.amicale-aeap.fr\/word\/wp-json\/wp\/v2\/posts\/504\/revisions"}],"predecessor-version":[{"id":536,"href":"https:\/\/www.amicale-aeap.fr\/word\/wp-json\/wp\/v2\/posts\/504\/revisions\/536"}],"wp:attachment":[{"href":"https:\/\/www.amicale-aeap.fr\/word\/wp-json\/wp\/v2\/media?parent=504"}],"wp:term":[{"taxonomy":"category","embeddable":true,"href":"https:\/\/www.amicale-aeap.fr\/word\/wp-json\/wp\/v2\/categories?post=504"},{"taxonomy":"post_tag","embeddable":true,"href":"https:\/\/www.amicale-aeap.fr\/word\/wp-json\/wp\/v2\/tags?post=504"}],"curies":[{"name":"wp","href":"https:\/\/api.w.org\/{rel}","templated":true}]}}