{"id":5036,"date":"2015-10-30T19:35:45","date_gmt":"2015-10-30T18:35:45","guid":{"rendered":"http:\/\/www.amicale-aeap.fr\/word\/?p=5036"},"modified":"2015-10-30T16:36:19","modified_gmt":"2015-10-30T15:36:19","slug":"mon-amicale-pour-un-cafe","status":"publish","type":"post","link":"https:\/\/www.amicale-aeap.fr\/word\/2015\/10\/30\/mon-amicale-pour-un-cafe\/","title":{"rendered":"Mon amicale pour un &#8230;. caf\u00e9 !"},"content":{"rendered":"<p>C&rsquo;est la rentr\u00e9e de la Toussaint, nous avons chang\u00e9 d&rsquo;heure, les journ\u00e9es sont moins ensoleill\u00e9es &#8230;. mais qu&rsquo;\u00e0 cela ne tienne, nous sommes toujours pleins de convivialit\u00e9 !<\/p>\n<p>D&rsquo;autres choses ont chang\u00e9 aussi : une nouvelle fontaine \u00e0 eau froide et chaude dans la nouvelle cafet, notamment.<\/p>\n<p><strong><a href=\"http:\/\/www.amicale-aeap.fr\/word\/wp-content\/uploads\/2015\/10\/lot-de-25-gobelets-en-plastique-fushia.jpg\"><img loading=\"lazy\" decoding=\"async\" class=\"alignright size-medium wp-image-5038\" src=\"http:\/\/www.amicale-aeap.fr\/word\/wp-content\/uploads\/2015\/10\/lot-de-25-gobelets-en-plastique-fushia-300x300.jpg\" alt=\"goblet rose\" width=\"300\" height=\"300\" srcset=\"https:\/\/www.amicale-aeap.fr\/word\/wp-content\/uploads\/2015\/10\/lot-de-25-gobelets-en-plastique-fushia-300x300.jpg 300w, https:\/\/www.amicale-aeap.fr\/word\/wp-content\/uploads\/2015\/10\/lot-de-25-gobelets-en-plastique-fushia-150x150.jpg 150w, https:\/\/www.amicale-aeap.fr\/word\/wp-content\/uploads\/2015\/10\/lot-de-25-gobelets-en-plastique-fushia.jpg 700w\" sizes=\"auto, (max-width: 300px) 100vw, 300px\" \/><\/a>Alors, pour f\u00eater tout cela, l&rsquo;amicale vous offre un caf\u00e9 !<\/strong><\/p>\n<p>&nbsp;<\/p>\n<p>La machine \u00e0 caf\u00e9 de la cafet sera gratuite pendant toute la journ\u00e9e du 03 novembre.<\/p>\n<p>Et &#8230;. il y aura quelques petits g\u00e2teaux \u00e0 disposition \u00e0 la cafet pour les envies sucr\u00e9es &#8230;&#8230;&#8230;.<\/p>\n<p>RDV donc \u00e0 9h et 13h \u00e0 la cafet pour les g\u00e2teaux, ou toute la journ\u00e9e, pour se r\u00e9chauffer en convivialit\u00e9.<\/p>\n<p>&nbsp;<\/p>\n","protected":false},"excerpt":{"rendered":"<p>C&rsquo;est la rentr\u00e9e de la Toussaint, nous avons chang\u00e9 d&rsquo;heure, les journ\u00e9es sont moins ensoleill\u00e9es &#8230;. mais qu&rsquo;\u00e0 cela ne tienne, nous sommes toujours pleins de convivialit\u00e9 ! D&rsquo;autres choses ont chang\u00e9 aussi : une nouvelle fontaine \u00e0 eau froide et chaude dans la nouvelle cafet, notamment. Alors, pour f\u00eater [&hellip;]<\/p>\n","protected":false},"author":1,"featured_media":0,"comment_status":"open","ping_status":"closed","sticky":false,"template":"","format":"standard","meta":{"footnotes":""},"categories":[1],"tags":[],"class_list":["post-5036","post","type-post","status-publish","format-standard","hentry","category-actus"],"_links":{"self":[{"href":"https:\/\/www.amicale-aeap.fr\/word\/wp-json\/wp\/v2\/posts\/5036","targetHints":{"allow":["GET"]}}],"collection":[{"href":"https:\/\/www.amicale-aeap.fr\/word\/wp-json\/wp\/v2\/posts"}],"about":[{"href":"https:\/\/www.amicale-aeap.fr\/word\/wp-json\/wp\/v2\/types\/post"}],"author":[{"embeddable":true,"href":"https:\/\/www.amicale-aeap.fr\/word\/wp-json\/wp\/v2\/users\/1"}],"replies":[{"embeddable":true,"href":"https:\/\/www.amicale-aeap.fr\/word\/wp-json\/wp\/v2\/comments?post=5036"}],"version-history":[{"count":3,"href":"https:\/\/www.amicale-aeap.fr\/word\/wp-json\/wp\/v2\/posts\/5036\/revisions"}],"predecessor-version":[{"id":5040,"href":"https:\/\/www.amicale-aeap.fr\/word\/wp-json\/wp\/v2\/posts\/5036\/revisions\/5040"}],"wp:attachment":[{"href":"https:\/\/www.amicale-aeap.fr\/word\/wp-json\/wp\/v2\/media?parent=5036"}],"wp:term":[{"taxonomy":"category","embeddable":true,"href":"https:\/\/www.amicale-aeap.fr\/word\/wp-json\/wp\/v2\/categories?post=5036"},{"taxonomy":"post_tag","embeddable":true,"href":"https:\/\/www.amicale-aeap.fr\/word\/wp-json\/wp\/v2\/tags?post=5036"}],"curies":[{"name":"wp","href":"https:\/\/api.w.org\/{rel}","templated":true}]}}