{"id":4968,"date":"2015-10-02T17:15:55","date_gmt":"2015-10-02T16:15:55","guid":{"rendered":"http:\/\/www.amicale-aeap.fr\/word\/?p=4968"},"modified":"2015-10-13T10:19:50","modified_gmt":"2015-10-13T09:19:50","slug":"escapade-a-varsovie-du-4-au-6-juin-2016","status":"publish","type":"post","link":"https:\/\/www.amicale-aeap.fr\/word\/2015\/10\/02\/escapade-a-varsovie-du-4-au-6-juin-2016\/","title":{"rendered":"Update : Escapade \u00e0 Varsovie du 4 au 6 juin 2016"},"content":{"rendered":"<p><span style=\"color: #008000;\"><strong>Compl\u00e9ment d&rsquo;informations <\/strong><\/span>pour d\u00e9poser votre inscription qui devra \u00eatre parvenue<strong> dernier d\u00e9lai<\/strong> le 19\/10, le voyagiste ne pouvant conserver le tarif des vols plus longtemps.<\/p>\n<ul>\n<li>Jusqu&rsquo;au 14\/10 : chez Anna G.<\/li>\n<li>Les 15 et 16\/10 : chez M\u00e9lina S.<strong><strong><\/strong><\/strong><\/li>\n<\/ul>\n<p><strong><\/strong><em>(pour les personnes qui ne peuvent se d\u00e9placer ou sont en voyage, envoyez un mail pour vous positionner, quitte \u00e0 donner le bulletin d&rsquo;inscription plus tard).<\/em><\/p>\n<hr \/>\n<p>&nbsp;<\/p>\n<p>Il n&rsquo;est jamais trop t\u00f4t pour pr\u00e9voir un week-end ! Et surtout cela nous permet de profiter de tarifs int\u00e9ressants.<\/p>\n<p>L&rsquo;amicale vous emm\u00e8ne donc vers l&rsquo;Est \u00e0 Varsovie<strong> le temps d&rsquo;un week-end 3 jours\/2 nuits.<\/strong><\/p>\n<blockquote><p>Varsovie, la capitale de la Pologne depuis plus de 4 si\u00e8cles, est sa plus grande ville et le centre des \u00e9v\u00e8nements \u00e9conomiques, politiques et culturels. Le symbole de la ville est la Sir\u00e8ne qui figure sur les armoiries de Varsovie. Varsovie c&rsquo;est une m\u00e9tropole pleine de vie et, en m\u00eame temps, une ville dont l&rsquo;histoire est unique. Un quart de sa surface est occup\u00e9 par des espaces verts, elle est aussi le centre de la culture pour chaque go\u00fbt et pour chaque budget&#8230;<\/p><\/blockquote>\n<p>Consultez le site de son office de tourisme : <a href=\"http:\/\/www.warsawtour.pl\/fr\/\">http:\/\/www.warsawtour.pl\/fr\/<\/a><\/p>\n<p>&nbsp;<\/p>\n<table>\n<tbody>\n<tr>\n<td><a href=\"http:\/\/www.amicale-aeap.fr\/word\/wp-content\/uploads\/2015\/10\/varso1.jpg\"><img loading=\"lazy\" decoding=\"async\" class=\" size-medium wp-image-4975 alignleft\" src=\"http:\/\/www.amicale-aeap.fr\/word\/wp-content\/uploads\/2015\/10\/varso1-300x136.jpg\" alt=\"varso1\" width=\"300\" height=\"136\" srcset=\"https:\/\/www.amicale-aeap.fr\/word\/wp-content\/uploads\/2015\/10\/varso1-300x136.jpg 300w, https:\/\/www.amicale-aeap.fr\/word\/wp-content\/uploads\/2015\/10\/varso1.jpg 644w\" sizes=\"auto, (max-width: 300px) 100vw, 300px\" \/><\/a> <a href=\"http:\/\/www.amicale-aeap.fr\/word\/wp-content\/uploads\/2015\/10\/varso2.jpg\"><img loading=\"lazy\" decoding=\"async\" class=\" size-medium wp-image-4976 alignleft\" src=\"http:\/\/www.amicale-aeap.fr\/word\/wp-content\/uploads\/2015\/10\/varso2-300x181.jpg\" alt=\"varso2\" width=\"300\" height=\"181\" srcset=\"https:\/\/www.amicale-aeap.fr\/word\/wp-content\/uploads\/2015\/10\/varso2-300x181.jpg 300w, https:\/\/www.amicale-aeap.fr\/word\/wp-content\/uploads\/2015\/10\/varso2.jpg 559w\" sizes=\"auto, (max-width: 300px) 100vw, 300px\" \/><\/a> <a href=\"http:\/\/www.amicale-aeap.fr\/word\/wp-content\/uploads\/2015\/10\/varso3.jpg\"><img loading=\"lazy\" decoding=\"async\" class=\" size-medium wp-image-4977 alignleft\" src=\"http:\/\/www.amicale-aeap.fr\/word\/wp-content\/uploads\/2015\/10\/varso3-300x172.jpg\" alt=\"varso3\" width=\"300\" height=\"172\" srcset=\"https:\/\/www.amicale-aeap.fr\/word\/wp-content\/uploads\/2015\/10\/varso3-300x172.jpg 300w, https:\/\/www.amicale-aeap.fr\/word\/wp-content\/uploads\/2015\/10\/varso3.jpg 350w\" sizes=\"auto, (max-width: 300px) 100vw, 300px\" \/><\/a><\/td>\n<\/tr>\n<\/tbody>\n<\/table>\n<p>&nbsp;<\/p>\n<h2>Le programme :<\/h2>\n<p><em><u>Jour 1 : ARRIV\u00c9E \u00c0 VARSOVIE<\/u><\/em><\/p>\n<ul>\n<li>D\u00e9part de la r\u00e9gion en autocar pour l\u2019a\u00e9roport de Paris CDG<\/li>\n<li>\u00a009h35, d\u00e9collage du vol r\u00e9gulier AF \u00e0 destination de Varsovie<\/li>\n<li>11h50\u2013 Arriv\u00e9e \u00e0 l\u2019a\u00e9roport international de Varsovie, accueil par notre guide local et transfert \u00e0 votre h\u00f4tel<\/li>\n<li>Installation \u00e0 votre h\u00f4tel Polonia<\/li>\n<li>\u00a0D\u00e9jeuner libre et apr\u00e8s midi libre pour une d\u00e9couverte personnelle de la ville<\/li>\n<li>\u00a0Diner tous ensemble dans un restaurant de la ville<\/li>\n<li>\u00a0Logement en ville<\/li>\n<\/ul>\n<p><em><u>Jour 2 : VARSOVIE<\/u><\/em><\/p>\n<ul>\n<li>Apr\u00e8s le petit-d\u00e9jeuner, rencontre avec votre guide conf\u00e9rencier local, Vous aurez \u00e0 disposition un autocar pour la matin\u00e9e de visite.<\/li>\n<li>Vous verrez la vieille ville avec les b\u00e2timents de style baroque, la cath\u00e9drale St Jean (ext\u00e9rieur), la vieille ville est un des endroits les plus int\u00e9ressants de Varsovie.<\/li>\n<li>Visite \u00e9galement du ch\u00e2teau Royal (entr\u00e9e incluse), ainsi que le Palais du parc Royal de Lazienki,<\/li>\n<li>\u00a0D\u00e9jeuner libre et apr\u00e8s midi libre pour une d\u00e9couverte personnelle de la ville<\/li>\n<li>\u00a0D\u00eener libre et logement en ville<\/li>\n<\/ul>\n<p><em><u>Jour 3- VARSOVIE &#8211; PARIS<\/u><\/em><\/p>\n<ul>\n<li>Apr\u00e8s le petit-d\u00e9jeuner, transfert de vos bagages \u00e0 la bagagerie de l\u2019h\u00f4tel.<\/li>\n<li>\u00a0Journ\u00e9e libre avant le transfert de l\u2019h\u00f4tel vers l\u2019a\u00e9roport.<\/li>\n<li>\u00a0Transfert vers l\u2019a\u00e9roport pour un d\u00e9collage \u00e0 15h45<\/li>\n<li>Arriv\u00e9e \u00e0 Paris CDG \u00e0 18h10 et transfert dans la r\u00e9gion<\/li>\n<\/ul>\n<p>&nbsp;<\/p>\n<p><strong>Le prix comprend :<\/strong><\/p>\n<ul>\n<li>Le transfert en autocar de la r\u00e9gion jusque l\u2019a\u00e9roport de Paris CDG<\/li>\n<li>Les vols aller retour sur vols r\u00e9guliers AIR FRANCE<\/li>\n<li>Les taxes a\u00e9roport et YQ d\u2019une valeur de 127,31 \u20ac en date du 07\/09\/15 et r\u00e9visable jusqu\u2019\u00e0 30 jours avant le d\u00e9part<\/li>\n<li>Un bagage en soute<\/li>\n<li>Les transferts a\u00e9roport \/ h\u00f4tel AR avec assistance francophone<\/li>\n<li>Un guide francophone en \u00bd journ\u00e9e pour la visite guid\u00e9e de Varsovie<\/li>\n<li>Le logement en h\u00f4tel 4**** (base chambre double) base 2 nuits<\/li>\n<li>Le diner du premier soir<\/li>\n<li>Les taxes locales<\/li>\n<li>Les petits d\u00e9jeuners \u00e0 l\u2019h\u00f4tel<\/li>\n<li>Les entr\u00e9es au ch\u00e2teau Royal et Palais du parc royal de Lazienki.<\/li>\n<\/ul>\n<p>&nbsp;<\/p>\n<h2>Votre hotel : le Polonia Palace 4*<\/h2>\n<p>&nbsp;<\/p>\n<table width=\"643\">\n<tbody>\n<tr>\n<td width=\"227\"><\/td>\n<td width=\"416\"><em>Varsovie centre-ville, zone de la gare centrale\u00a0\u00a0\u00a0\u00a0\u00a0\u00a0\u00a0\u00a0\u00a0\u00a0\u00a0\u00a0\u00a0\u00a0\u00a0\u00a0\u00a0\u00a0\u00a0\u00a0\u00a0\u00a0\u00a0\u00a0\u00a0\u00a0\u00a0 Chambres\u00a0: 206<\/em><\/td>\n<\/tr>\n<tr>\n<td width=\"227\">\u00a0<a href=\"http:\/\/www.amicale-aeap.fr\/word\/wp-content\/uploads\/2015\/10\/polonia.jpg\"><img loading=\"lazy\" decoding=\"async\" class=\"alignright size-full wp-image-4969\" src=\"http:\/\/www.amicale-aeap.fr\/word\/wp-content\/uploads\/2015\/10\/polonia.jpg\" alt=\"polonia\" width=\"280\" height=\"180\" \/><\/a> <a href=\"http:\/\/www.amicale-aeap.fr\/word\/wp-content\/uploads\/2015\/10\/polonia2.jpg\"><img loading=\"lazy\" decoding=\"async\" class=\"alignright size-medium wp-image-4970\" src=\"http:\/\/www.amicale-aeap.fr\/word\/wp-content\/uploads\/2015\/10\/polonia2.jpg\" alt=\"polonia2\" width=\"280\" height=\"180\" \/><\/a><\/td>\n<td width=\"416\">Le Polonia Palace est situ\u00e9 dans le centre-ville de Varsovie, \u00e0 distance de quelques pas du quartier financier et commercial. Le Palais de la Culture et des Sciences est juste en face de l&rsquo;h\u00f4tel.L\u2019h\u00f4tel offre 206 chambres \u00e9l\u00e9gantes, individuellement con\u00e7ues et d\u00e9cor\u00e9es avec des tissus de haute qualit\u00e9, des meubles et accessoires.Les chambres sont \u00e9quip\u00e9es d&rsquo;Internet dans chaque chambre, minibar, s\u00e8che-cheveux, fer et planche \u00e0 repasser sur demande, coffre-fort, fax\/modem, deux t\u00e9l\u00e9phones avec messagerie vocale, climatisation individuelle, chauffage du sol dans la salle de bains.<\/td>\n<\/tr>\n<\/tbody>\n<\/table>\n<p><strong>Les tarifs du week-end :<\/strong><\/p>\n<p>Amicaliste 280 \u20ac<br \/>\nSupp Chambre individuelle amicaliste 54 \u20ac<br \/>\nExt\u00e9rieur 465 \u20ac<br \/>\nSupp Chambre individuelle ext\u00e9rieur 90 \u20ac<\/p>\n<p>&nbsp;<\/p>\n<p>Bulletin d&rsquo;inscription pour Varsovie :\u00a0 <a href=\"http:\/\/www.amicale-aeap.fr\/word\/wp-content\/uploads\/2015\/10\/BI_Varsovie.pdf\">BI_Varsovie<\/a><\/p>\n<p>&nbsp;<\/p>\n","protected":false},"excerpt":{"rendered":"<p>Compl\u00e9ment d&rsquo;informations pour d\u00e9poser votre inscription qui devra \u00eatre parvenue dernier d\u00e9lai le 19\/10, le voyagiste ne pouvant conserver le tarif des vols plus longtemps. Jusqu&rsquo;au 14\/10 : chez Anna G. Les 15 et 16\/10 : chez M\u00e9lina S. (pour les personnes qui ne peuvent se d\u00e9placer ou sont en [&hellip;]<\/p>\n","protected":false},"author":1,"featured_media":4975,"comment_status":"open","ping_status":"closed","sticky":false,"template":"","format":"standard","meta":{"footnotes":""},"categories":[1],"tags":[],"class_list":["post-4968","post","type-post","status-publish","format-standard","has-post-thumbnail","hentry","category-actus"],"_links":{"self":[{"href":"https:\/\/www.amicale-aeap.fr\/word\/wp-json\/wp\/v2\/posts\/4968","targetHints":{"allow":["GET"]}}],"collection":[{"href":"https:\/\/www.amicale-aeap.fr\/word\/wp-json\/wp\/v2\/posts"}],"about":[{"href":"https:\/\/www.amicale-aeap.fr\/word\/wp-json\/wp\/v2\/types\/post"}],"author":[{"embeddable":true,"href":"https:\/\/www.amicale-aeap.fr\/word\/wp-json\/wp\/v2\/users\/1"}],"replies":[{"embeddable":true,"href":"https:\/\/www.amicale-aeap.fr\/word\/wp-json\/wp\/v2\/comments?post=4968"}],"version-history":[{"count":10,"href":"https:\/\/www.amicale-aeap.fr\/word\/wp-json\/wp\/v2\/posts\/4968\/revisions"}],"predecessor-version":[{"id":5002,"href":"https:\/\/www.amicale-aeap.fr\/word\/wp-json\/wp\/v2\/posts\/4968\/revisions\/5002"}],"wp:featuredmedia":[{"embeddable":true,"href":"https:\/\/www.amicale-aeap.fr\/word\/wp-json\/wp\/v2\/media\/4975"}],"wp:attachment":[{"href":"https:\/\/www.amicale-aeap.fr\/word\/wp-json\/wp\/v2\/media?parent=4968"}],"wp:term":[{"taxonomy":"category","embeddable":true,"href":"https:\/\/www.amicale-aeap.fr\/word\/wp-json\/wp\/v2\/categories?post=4968"},{"taxonomy":"post_tag","embeddable":true,"href":"https:\/\/www.amicale-aeap.fr\/word\/wp-json\/wp\/v2\/tags?post=4968"}],"curies":[{"name":"wp","href":"https:\/\/api.w.org\/{rel}","templated":true}]}}