{"id":4964,"date":"2015-10-01T16:01:24","date_gmt":"2015-10-01T15:01:24","guid":{"rendered":"http:\/\/www.amicale-aeap.fr\/word\/?p=4964"},"modified":"2015-10-01T16:03:13","modified_gmt":"2015-10-01T15:03:13","slug":"lamicale-marche-contre-la-faim-avec-acf","status":"publish","type":"post","link":"https:\/\/www.amicale-aeap.fr\/word\/2015\/10\/01\/lamicale-marche-contre-la-faim-avec-acf\/","title":{"rendered":"L&rsquo;amicale marche contre la faim avec ACF"},"content":{"rendered":"<p style=\"text-align: center;\"><span style=\"color: #ff0000;\"><strong>Les amicalistes s&rsquo;engagent !<\/strong> <\/span><\/p>\n<p style=\"text-align: center;\"><img loading=\"lazy\" decoding=\"async\" class=\" alignleft\" src=\"https:\/\/www.yesgolive.com\/promoter\/home\/a\/acf-lille\/events\/marche-contre-la-faim-lille-2015\/images\/imageEvent_1439749842.jpg\" alt=\"\" width=\"145\" height=\"205\" \/><\/p>\n<div class=\"panel-col-last panel-panel\">\n<div class=\"inside\">\n<div class=\"panel-pane pane-entity-field pane-node-field-teaser\">\n<div class=\"pane-content\">\n<div class=\"field field-name-field-teaser field-type-text-long field-label-hidden\">\n<div class=\"field-items\">\n<div class=\"field-item even\">\n<p>Venez nombreux rejoindre <strong>ACF<\/strong> le <strong>dimanche 11 octobre 2015<\/strong> pour une <strong>Marche solidaire &#8230;<\/strong><\/p>\n<p>D\u00e9part \u00e0 <strong>10h<\/strong> au <strong>Colys\u00e9e de Lambersart<\/strong><\/p>\n<\/div>\n<\/div>\n<\/div>\n<\/div>\n<\/div>\n<\/div>\n<\/div>\n<div class=\"panel-col-bottom panel-panel\">\n<div class=\"inside\">\n<div class=\"panel-pane pane-entity-field pane-node-body\">\n<div class=\"pane-content\">\n<div class=\"field field-name-body field-type-text-with-summary field-label-hidden\">\n<div class=\"field-items\">\n<div class=\"field-item even\">\n<p><strong>La Marche contre la Faim<\/strong> est un \u00e9v\u00e9nement solidaire qui se d\u00e9roulera sur Lille, sous forme de 2 boucles au choix, <strong>5 ou 10 km<\/strong>, dans le quartier Bois Blancs (r\u00e9nov\u00e9 derni\u00e8rement) et Citadelle.<\/p>\n<p><em>\u00ab\u00a0Nous axons cette marche, que chacun fera \u00e0 son rythme, sur la d\u00e9couverte ou red\u00e9couverte de ces quartiers plus ou moins bien connus. Un <strong>dossier papier<\/strong> remis au d\u00e9part de la marche vous guidera \u00e0 travers diff\u00e9rents points d&rsquo;int\u00e9r\u00eats touchant \u00e0 la nature, le patrimoine, la vie \u00e9conomique de la r\u00e9gion, etc&#8230;\u00a0\u00bb<\/em><\/p>\n<p>&nbsp;<\/p>\n<p>&nbsp;<\/p>\n<p><strong>Participation sous forme de don \u00e0 partir de 3\u20ac au profit d&rsquo;ACF<br \/>\n<\/strong><\/p>\n<p>Si vous souhaitez porter un tee-shirt aux couleurs de l&rsquo;amicale pour cette marche, inscrivez-vous aupr\u00e8s de Martine R., qui organisera une distribution de tee-shirts quelques jours avant, et vous donnera un point de rendez-vous pour que tous les participants de l&rsquo;amicale marchent <strong>ensemble<\/strong> contre la faim !<\/p>\n<p><strong>Inscription<\/strong> sur Yesgolive : <a href=\"https:\/\/fr.yesgolive.com\/acf-lille\/marche-contre-la-faim-lille-2015\">https:\/\/fr.yesgolive.com\/acf-lille\/marche-contre-la-faim-lille-2015<\/a><\/p>\n<p><strong>Renseignements<\/strong> : <a href=\"mailto:lilleacf@gmail.com\">lilleacf@gmail.com<\/a> ou 06.82.04.38.50\u00a0 pour ACF &#8211; Martine R. pour l&rsquo;amicale.<\/p>\n<\/div>\n<\/div>\n<\/div>\n<\/div>\n<\/div>\n<\/div>\n<\/div>\n<p>&nbsp;<\/p>\n<p>&nbsp;<\/p>\n<p>&nbsp;<\/p>\n","protected":false},"excerpt":{"rendered":"<p>Les amicalistes s&rsquo;engagent ! Venez nombreux rejoindre ACF le dimanche 11 octobre 2015 pour une Marche solidaire &#8230; D\u00e9part \u00e0 10h au Colys\u00e9e de Lambersart La Marche contre la Faim est un \u00e9v\u00e9nement solidaire qui se d\u00e9roulera sur Lille, sous forme de 2 boucles au choix, 5 ou 10 km, [&hellip;]<\/p>\n","protected":false},"author":1,"featured_media":4966,"comment_status":"open","ping_status":"closed","sticky":false,"template":"","format":"standard","meta":{"footnotes":""},"categories":[1],"tags":[],"class_list":["post-4964","post","type-post","status-publish","format-standard","has-post-thumbnail","hentry","category-actus"],"_links":{"self":[{"href":"https:\/\/www.amicale-aeap.fr\/word\/wp-json\/wp\/v2\/posts\/4964","targetHints":{"allow":["GET"]}}],"collection":[{"href":"https:\/\/www.amicale-aeap.fr\/word\/wp-json\/wp\/v2\/posts"}],"about":[{"href":"https:\/\/www.amicale-aeap.fr\/word\/wp-json\/wp\/v2\/types\/post"}],"author":[{"embeddable":true,"href":"https:\/\/www.amicale-aeap.fr\/word\/wp-json\/wp\/v2\/users\/1"}],"replies":[{"embeddable":true,"href":"https:\/\/www.amicale-aeap.fr\/word\/wp-json\/wp\/v2\/comments?post=4964"}],"version-history":[{"count":2,"href":"https:\/\/www.amicale-aeap.fr\/word\/wp-json\/wp\/v2\/posts\/4964\/revisions"}],"predecessor-version":[{"id":4967,"href":"https:\/\/www.amicale-aeap.fr\/word\/wp-json\/wp\/v2\/posts\/4964\/revisions\/4967"}],"wp:featuredmedia":[{"embeddable":true,"href":"https:\/\/www.amicale-aeap.fr\/word\/wp-json\/wp\/v2\/media\/4966"}],"wp:attachment":[{"href":"https:\/\/www.amicale-aeap.fr\/word\/wp-json\/wp\/v2\/media?parent=4964"}],"wp:term":[{"taxonomy":"category","embeddable":true,"href":"https:\/\/www.amicale-aeap.fr\/word\/wp-json\/wp\/v2\/categories?post=4964"},{"taxonomy":"post_tag","embeddable":true,"href":"https:\/\/www.amicale-aeap.fr\/word\/wp-json\/wp\/v2\/tags?post=4964"}],"curies":[{"name":"wp","href":"https:\/\/api.w.org\/{rel}","templated":true}]}}