{"id":4940,"date":"2015-09-02T20:35:23","date_gmt":"2015-09-02T19:35:23","guid":{"rendered":"http:\/\/www.amicale-aeap.fr\/word\/?p=4940"},"modified":"2015-09-16T17:02:41","modified_gmt":"2015-09-16T16:02:41","slug":"week-end-de-marche-nordique-dans-les-ardennes","status":"publish","type":"post","link":"https:\/\/www.amicale-aeap.fr\/word\/2015\/09\/02\/week-end-de-marche-nordique-dans-les-ardennes\/","title":{"rendered":"Relance : Week-end de marche nordique &#8230;. dans les Ardennes !"},"content":{"rendered":"<p>Inscrivez-vous ou manifestez tr\u00e8s vite votre intention de le faire aupr\u00e8s de C\u00e9cile G., pour que nous puissions avoir une id\u00e9e du nombre final d&rsquo;inscrits !<\/p>\n<p>Merci !<\/p>\n<hr \/>\n<p>&nbsp;<\/p>\n<p>L&rsquo;amicale vous propose, en partenariat avec le coach de marche nordique, un week-end automnal de marche nordique.<\/p>\n<p>Le week-end aura lieu les 24 et 25 octobre \u00e0 La Roche en Ardenne.<\/p>\n<p>H\u00e9bergement :<\/p>\n<p><b><a href=\"http:\/\/www.amicale-aeap.fr\/word\/wp-content\/uploads\/2015\/09\/27807_1.png\"><img loading=\"lazy\" decoding=\"async\" class=\" size-full wp-image-4945 alignleft\" src=\"http:\/\/www.amicale-aeap.fr\/word\/wp-content\/uploads\/2015\/09\/27807_1.png\" alt=\"27807_1\" width=\"480\" height=\"480\" srcset=\"https:\/\/www.amicale-aeap.fr\/word\/wp-content\/uploads\/2015\/09\/27807_1.png 480w, https:\/\/www.amicale-aeap.fr\/word\/wp-content\/uploads\/2015\/09\/27807_1-150x150.png 150w, https:\/\/www.amicale-aeap.fr\/word\/wp-content\/uploads\/2015\/09\/27807_1-300x300.png 300w\" sizes=\"auto, (max-width: 480px) 100vw, 480px\" \/><\/a>Le centre de vacances Le Flor\u00e9al la Roche en Ardenne se situe au bord de la rivi\u00e8re Ourthe et \u00e0 800 m du centre-ville, dans un cadre vert.<\/b><\/p>\n<p><em>Il dispose de <b>76 chambres<\/b>\u00a0r\u00e9nov\u00e9es, dont 10 chambres familiales, vous offrant toutes les commodit\u00e9s.\u00a0Son restaurant gastronomique Le Parc vous propose des menus de saison compos\u00e9s de sp\u00e9cialit\u00e9s r\u00e9gionales.<\/em><\/p>\n<p><em> Le Flor\u00e9al La Roche est le point de d\u00e9part id\u00e9al pour vos randonn\u00e9es en for\u00eat. De plus, vous pourrez acc\u00e9der gratuitement aux installations du Flor\u00e9al : mini-golf, terrains de tennis, multisports, p\u00e9tanque, parcours de sant\u00e9 et piscine ext\u00e9rieure (juillet et ao\u00fbt).<\/em><\/p>\n<p>&nbsp;<\/p>\n<p>&nbsp;<\/p>\n<p>&nbsp;<\/p>\n<p>&nbsp;<\/p>\n<p>&nbsp;<\/p>\n<p>&nbsp;<\/p>\n<p>Le prix comprend :<\/p>\n<ul>\n<li>l&rsquo;h\u00e9bergement (nuit, linge de lit et linge de toilettes fournis)<\/li>\n<li>la restauration : samedi midi, samedi soir, dimanche matin, dimanche midi<\/li>\n<li>l&rsquo;activit\u00e9 marche nordique : 3 \u00e0 4 marches, selon envies de chacun, guid\u00e9es par Yoann &#8211; les batons sont pr\u00eat\u00e9s si vous n&rsquo;en avez pas<\/li>\n<\/ul>\n<p>Nous sommes en train d&rsquo;\u00e9tudier la possibilit\u00e9 d&rsquo;ajouter un ou des circuits rando\/photo pour ceux qui souhaiteraient profiter des lumi\u00e8res de l&rsquo;automne dans les Ardennes pour faire de jolies prises de vue &#8230;. une balade appareil photo en main et pas de contraintes de temps. Si cette option vous int\u00e9resse aussi, manifestez-vous !<\/p>\n<p><strong>Tarifs amicaliste :<\/strong><\/p>\n<ul>\n<li>Adulte : 70 \u20ac<\/li>\n<li>Ado (12-17 ans) : 60 \u20ac<\/li>\n<li>Enfant (- de 12 ans) : 40 \u20ac<\/li>\n<\/ul>\n<p><strong>Tarifs ext\u00e9rieurs :<\/strong><\/p>\n<ul>\n<li>Adulte : 130.50 \u20ac<\/li>\n<li>Ado (12-17 ans) : 119.50 \u20ac<\/li>\n<li>Enfant (- de 12 ans) : 78 \u20ac<\/li>\n<\/ul>\n<p>&nbsp;<\/p>\n<p>&nbsp;<\/p>\n<p><a href=\"http:\/\/www.amicale-aeap.fr\/word\/wp-content\/uploads\/2015\/09\/BI_Marche_NOrdique.pdf\">BULLETIN D&rsquo;INSCRIPTION :\u00a0\u00a0 BI_Marche_NOrdique<\/a><\/p>\n<p>&nbsp;<\/p>\n<p>Localisation :<\/p>\n<p><iframe loading=\"lazy\" style=\"border: 0;\" src=\"https:\/\/www.google.com\/maps\/embed?pb=!1m18!1m12!1m3!1d565751.6596449196!2d5.559047914967516!3d50.211767018521996!2m3!1f0!2f0!3f0!3m2!1i1024!2i768!4f13.1!3m3!1m2!1s0x47c038d11f6451a7%3A0xfc33e54ba2ae1379!2sAvenue+de+Villez+6%2C+6980+La+Roche-en-Ardenne!5e0!3m2!1sfr!2sbe!4v1441222003485\" width=\"600\" height=\"450\" frameborder=\"0\" allowfullscreen=\"allowfullscreen\"><\/iframe><\/p>\n","protected":false},"excerpt":{"rendered":"<p>Inscrivez-vous ou manifestez tr\u00e8s vite votre intention de le faire aupr\u00e8s de C\u00e9cile G., pour que nous puissions avoir une id\u00e9e du nombre final d&rsquo;inscrits ! Merci ! &nbsp; L&rsquo;amicale vous propose, en partenariat avec le coach de marche nordique, un week-end automnal de marche nordique. Le week-end aura lieu [&hellip;]<\/p>\n","protected":false},"author":1,"featured_media":0,"comment_status":"open","ping_status":"closed","sticky":false,"template":"","format":"standard","meta":{"footnotes":""},"categories":[1],"tags":[],"class_list":["post-4940","post","type-post","status-publish","format-standard","hentry","category-actus"],"_links":{"self":[{"href":"https:\/\/www.amicale-aeap.fr\/word\/wp-json\/wp\/v2\/posts\/4940","targetHints":{"allow":["GET"]}}],"collection":[{"href":"https:\/\/www.amicale-aeap.fr\/word\/wp-json\/wp\/v2\/posts"}],"about":[{"href":"https:\/\/www.amicale-aeap.fr\/word\/wp-json\/wp\/v2\/types\/post"}],"author":[{"embeddable":true,"href":"https:\/\/www.amicale-aeap.fr\/word\/wp-json\/wp\/v2\/users\/1"}],"replies":[{"embeddable":true,"href":"https:\/\/www.amicale-aeap.fr\/word\/wp-json\/wp\/v2\/comments?post=4940"}],"version-history":[{"count":10,"href":"https:\/\/www.amicale-aeap.fr\/word\/wp-json\/wp\/v2\/posts\/4940\/revisions"}],"predecessor-version":[{"id":4962,"href":"https:\/\/www.amicale-aeap.fr\/word\/wp-json\/wp\/v2\/posts\/4940\/revisions\/4962"}],"wp:attachment":[{"href":"https:\/\/www.amicale-aeap.fr\/word\/wp-json\/wp\/v2\/media?parent=4940"}],"wp:term":[{"taxonomy":"category","embeddable":true,"href":"https:\/\/www.amicale-aeap.fr\/word\/wp-json\/wp\/v2\/categories?post=4940"},{"taxonomy":"post_tag","embeddable":true,"href":"https:\/\/www.amicale-aeap.fr\/word\/wp-json\/wp\/v2\/tags?post=4940"}],"curies":[{"name":"wp","href":"https:\/\/api.w.org\/{rel}","templated":true}]}}