{"id":4901,"date":"2015-07-10T10:03:27","date_gmt":"2015-07-10T09:03:27","guid":{"rendered":"http:\/\/www.amicale-aeap.fr\/word\/?p=4901"},"modified":"2015-07-10T12:47:53","modified_gmt":"2015-07-10T11:47:53","slug":"kayak-seances-de-decouverte-ou-perfectionnement","status":"publish","type":"post","link":"https:\/\/www.amicale-aeap.fr\/word\/2015\/07\/10\/kayak-seances-de-decouverte-ou-perfectionnement\/","title":{"rendered":"Kayak : s\u00e9ances de d\u00e9couverte ou perfectionnement."},"content":{"rendered":"<p><strong>L&rsquo;amicale propose 4 s\u00e9ances de d\u00e9couverte et ou de perfectionnement \u00e0 la pratique du Cano\u00eb-Kayak en pr\u00e9vision d&rsquo;un s\u00e9jour en Kayak de mer en 2016.<\/strong><\/p>\n<p style=\"text-align: left;\"><a href=\"http:\/\/www.amicale-aeap.fr\/word\/wp-content\/uploads\/2015\/07\/1610939_683231815116689_4244328860467218619_n1.jpg\"><img loading=\"lazy\" decoding=\"async\" class=\"alignright size-full wp-image-4903\" src=\"http:\/\/www.amicale-aeap.fr\/word\/wp-content\/uploads\/2015\/07\/1610939_683231815116689_4244328860467218619_n1.jpg\" alt=\"1610939_683231815116689_4244328860467218619_n[1]\" width=\"426\" height=\"240\" srcset=\"https:\/\/www.amicale-aeap.fr\/word\/wp-content\/uploads\/2015\/07\/1610939_683231815116689_4244328860467218619_n1.jpg 426w, https:\/\/www.amicale-aeap.fr\/word\/wp-content\/uploads\/2015\/07\/1610939_683231815116689_4244328860467218619_n1-300x169.jpg 300w\" sizes=\"auto, (max-width: 426px) 100vw, 426px\" \/><\/a>3 s\u00e9ances se d\u00e9rouleront sur rivi\u00e8re \u00e0 Picquigny dans la Somme et une en mer \u00e0 Saint Val\u00e9ry sur Somme.<\/p>\n<p>Il est conseill\u00e9 aux personnes qui voudront s&rsquo;inscrire au s\u00e9jour kayak de mer 2016 d&rsquo;avoir particip\u00e9 \u00e0 ces sorties kayak pour s&rsquo;entra\u00eener et savoir \u00e0 quoi s&rsquo;attendre en 2016 pendant une semaine en mer. Mais il n&rsquo;est pas obligatoire pour participer \u00e0 ces s\u00e9ances de participer au voyage 2016 &#8230;<\/p>\n<div>La premi\u00e8re de ces s\u00e9ances est programm\u00e9e le 27 Septembre 2015. Elle se d\u00e9roulera \u00e0 Picquigny et sera encadr\u00e9e par un Brevet d&rsquo;Etat.<\/div>\n<div><\/div>\n<div>\n<div>La premi\u00e8re s\u00e9ance vous permettra de d\u00e9couvrir l&#8217;embarcation le matin\u00a0et de partir sur une petite rando l&rsquo;apr\u00e9s midi\u00a0sur la Somme.<\/div>\n<\/div>\n<div>Les horaires sont de 10 \u00e0 16H00.<a href=\"http:\/\/www.amicale-aeap.fr\/word\/wp-content\/uploads\/2015\/07\/images7.jpg\"><img loading=\"lazy\" decoding=\"async\" class=\"alignright size-full wp-image-4904\" src=\"http:\/\/www.amicale-aeap.fr\/word\/wp-content\/uploads\/2015\/07\/images7.jpg\" alt=\"images[7]\" width=\"259\" height=\"194\" \/><\/a><\/div>\n<div>Le nombre de place est limit\u00e9 \u00e0 16 personnes. Priorit\u00e9 est donn\u00e9e aux amicalistes.<\/div>\n<div><\/div>\n<ul>\n<li>Pr\u00e9voir des v\u00eatements ne craignant pas l&rsquo;eau ( short pantalon fin, basket) ainsi que des v\u00eatements de rechange<\/li>\n<li>Pique nique tir\u00e9 du sac<\/li>\n<li>D\u00e9placement le plus possible en covoiturage pour se rendre sur place<\/li>\n<\/ul>\n<div><\/div>\n<p>Cette journ\u00e9e est \u00e9galement ouverte aux personnes\u00a0souhaitant randonner dans les marais de la Somme (consulter Jean-Pierre).<\/p>\n<div>Les tarifs pour la s\u00e9ance Kayak 25 \u20ac pour la journ\u00e9e \u00e0 la charge de l&rsquo;Amicaliste.<\/div>\n<div><\/div>\n<div>Bulletin d&rsquo;inscription pour la 1e s\u00e9ance\u00a0 : <a href=\"http:\/\/www.amicale-aeap.fr\/word\/wp-content\/uploads\/2015\/07\/kayak_27sept.docx\">kayak_27sept<\/a><\/div>\n<div><\/div>\n<div>Inscrivez-vous d\u00e8s que possible, pour nous permettre d&rsquo;estimer rapidement le nombre de personnes int\u00e9ress\u00e9es, en d\u00e9posant le bulletin d&rsquo;inscription chez Jean-Pierre L.<\/div>\n<div><\/div>\n<div><\/div>\n<div><\/div>\n<div>La deuxi\u00e8me s\u00e9ance est programm\u00e9e fin Octobre, la 3 \u00e8me et 4\u00e8me au printemps \u00e9t\u00e9 2016. Les bulletins d&rsquo;inscriptions vous seront envoy\u00e9s quand les dates seront fix\u00e9es.<\/div>\n<p>&nbsp;<\/p>\n","protected":false},"excerpt":{"rendered":"<p>L&rsquo;amicale propose 4 s\u00e9ances de d\u00e9couverte et ou de perfectionnement \u00e0 la pratique du Cano\u00eb-Kayak en pr\u00e9vision d&rsquo;un s\u00e9jour en Kayak de mer en 2016. 3 s\u00e9ances se d\u00e9rouleront sur rivi\u00e8re \u00e0 Picquigny dans la Somme et une en mer \u00e0 Saint Val\u00e9ry sur Somme. Il est conseill\u00e9 aux personnes [&hellip;]<\/p>\n","protected":false},"author":1,"featured_media":4903,"comment_status":"open","ping_status":"closed","sticky":false,"template":"","format":"standard","meta":{"footnotes":""},"categories":[1],"tags":[],"class_list":["post-4901","post","type-post","status-publish","format-standard","has-post-thumbnail","hentry","category-actus"],"_links":{"self":[{"href":"https:\/\/www.amicale-aeap.fr\/word\/wp-json\/wp\/v2\/posts\/4901","targetHints":{"allow":["GET"]}}],"collection":[{"href":"https:\/\/www.amicale-aeap.fr\/word\/wp-json\/wp\/v2\/posts"}],"about":[{"href":"https:\/\/www.amicale-aeap.fr\/word\/wp-json\/wp\/v2\/types\/post"}],"author":[{"embeddable":true,"href":"https:\/\/www.amicale-aeap.fr\/word\/wp-json\/wp\/v2\/users\/1"}],"replies":[{"embeddable":true,"href":"https:\/\/www.amicale-aeap.fr\/word\/wp-json\/wp\/v2\/comments?post=4901"}],"version-history":[{"count":2,"href":"https:\/\/www.amicale-aeap.fr\/word\/wp-json\/wp\/v2\/posts\/4901\/revisions"}],"predecessor-version":[{"id":4906,"href":"https:\/\/www.amicale-aeap.fr\/word\/wp-json\/wp\/v2\/posts\/4901\/revisions\/4906"}],"wp:featuredmedia":[{"embeddable":true,"href":"https:\/\/www.amicale-aeap.fr\/word\/wp-json\/wp\/v2\/media\/4903"}],"wp:attachment":[{"href":"https:\/\/www.amicale-aeap.fr\/word\/wp-json\/wp\/v2\/media?parent=4901"}],"wp:term":[{"taxonomy":"category","embeddable":true,"href":"https:\/\/www.amicale-aeap.fr\/word\/wp-json\/wp\/v2\/categories?post=4901"},{"taxonomy":"post_tag","embeddable":true,"href":"https:\/\/www.amicale-aeap.fr\/word\/wp-json\/wp\/v2\/tags?post=4901"}],"curies":[{"name":"wp","href":"https:\/\/api.w.org\/{rel}","templated":true}]}}