{"id":4868,"date":"2015-07-02T19:36:53","date_gmt":"2015-07-02T18:36:53","guid":{"rendered":"http:\/\/www.amicale-aeap.fr\/word\/?p=4868"},"modified":"2015-07-02T21:16:43","modified_gmt":"2015-07-02T20:16:43","slug":"lamicale-ca-deballe-pour-lenfance","status":"publish","type":"post","link":"https:\/\/www.amicale-aeap.fr\/word\/2015\/07\/02\/lamicale-ca-deballe-pour-lenfance\/","title":{"rendered":"L&rsquo;amicale, \u00e7a d\u00e9balle pour l&rsquo;enfance !"},"content":{"rendered":"<p><strong>Ce lundi 6 juillet, vers 10h, l&rsquo;amicale d\u00e9balle ses stocks !<\/strong><\/p>\n<p>C&rsquo;est le grand m\u00e9nage de printemps au d\u00e9but de l&rsquo;\u00e9t\u00e9, l&rsquo;amicale d\u00e9balle ses stocks \u00e0 la cafet&rsquo; et vous les offre !<\/p>\n<p>Dans nos stocks, des gaufres \u00e0 d\u00e9guster sur place avec votre caf\u00e9, des ouvre-bouteilles en forme de bou\u00e9e, des tongs et des nattes de plage, quelques ponchos, des sacs de Olhain 2009, ce sera le grand d\u00e9ballage !\u00a0 On fait de la place !<\/p>\n<p>Avec deux principes :<\/p>\n<p>1 &#8211; servez-vous et prenez ce qui vous int\u00e9resse<\/p>\n<p>2 &#8211; si vous souhaitez participer financi\u00e8rement, vous pourrez mettre dans la bo\u00eete \u00e0 sous un don libre, qui sera revers\u00e9 \u00e0 une association :<strong> Les motards pour l&rsquo;enfance<\/strong>, via notre contact Olivier W.<\/p>\n<p>Ce sera l&rsquo;occasion de se souhaiter de bonnes vacances pour cet \u00e9t\u00e9 !<\/p>\n<p><a href=\"http:\/\/www.amicale-aeap.fr\/word\/wp-content\/uploads\/2015\/07\/Flyer-recto-sikora.jpg\"><img loading=\"lazy\" decoding=\"async\" class=\"alignright size-large wp-image-4869\" src=\"http:\/\/www.amicale-aeap.fr\/word\/wp-content\/uploads\/2015\/07\/Flyer-recto-sikora-724x1024.jpg\" alt=\"Flyer recto sikora\" width=\"550\" height=\"778\" srcset=\"https:\/\/www.amicale-aeap.fr\/word\/wp-content\/uploads\/2015\/07\/Flyer-recto-sikora-724x1024.jpg 724w, https:\/\/www.amicale-aeap.fr\/word\/wp-content\/uploads\/2015\/07\/Flyer-recto-sikora-212x300.jpg 212w\" sizes=\"auto, (max-width: 550px) 100vw, 550px\" \/><\/a><\/p>\n","protected":false},"excerpt":{"rendered":"<p>Ce lundi 6 juillet, vers 10h, l&rsquo;amicale d\u00e9balle ses stocks ! C&rsquo;est le grand m\u00e9nage de printemps au d\u00e9but de l&rsquo;\u00e9t\u00e9, l&rsquo;amicale d\u00e9balle ses stocks \u00e0 la cafet&rsquo; et vous les offre ! Dans nos stocks, des gaufres \u00e0 d\u00e9guster sur place avec votre caf\u00e9, des ouvre-bouteilles en forme de [&hellip;]<\/p>\n","protected":false},"author":1,"featured_media":4869,"comment_status":"open","ping_status":"closed","sticky":false,"template":"","format":"standard","meta":{"footnotes":""},"categories":[1],"tags":[],"class_list":["post-4868","post","type-post","status-publish","format-standard","has-post-thumbnail","hentry","category-actus"],"_links":{"self":[{"href":"https:\/\/www.amicale-aeap.fr\/word\/wp-json\/wp\/v2\/posts\/4868","targetHints":{"allow":["GET"]}}],"collection":[{"href":"https:\/\/www.amicale-aeap.fr\/word\/wp-json\/wp\/v2\/posts"}],"about":[{"href":"https:\/\/www.amicale-aeap.fr\/word\/wp-json\/wp\/v2\/types\/post"}],"author":[{"embeddable":true,"href":"https:\/\/www.amicale-aeap.fr\/word\/wp-json\/wp\/v2\/users\/1"}],"replies":[{"embeddable":true,"href":"https:\/\/www.amicale-aeap.fr\/word\/wp-json\/wp\/v2\/comments?post=4868"}],"version-history":[{"count":1,"href":"https:\/\/www.amicale-aeap.fr\/word\/wp-json\/wp\/v2\/posts\/4868\/revisions"}],"predecessor-version":[{"id":4870,"href":"https:\/\/www.amicale-aeap.fr\/word\/wp-json\/wp\/v2\/posts\/4868\/revisions\/4870"}],"wp:featuredmedia":[{"embeddable":true,"href":"https:\/\/www.amicale-aeap.fr\/word\/wp-json\/wp\/v2\/media\/4869"}],"wp:attachment":[{"href":"https:\/\/www.amicale-aeap.fr\/word\/wp-json\/wp\/v2\/media?parent=4868"}],"wp:term":[{"taxonomy":"category","embeddable":true,"href":"https:\/\/www.amicale-aeap.fr\/word\/wp-json\/wp\/v2\/categories?post=4868"},{"taxonomy":"post_tag","embeddable":true,"href":"https:\/\/www.amicale-aeap.fr\/word\/wp-json\/wp\/v2\/tags?post=4868"}],"curies":[{"name":"wp","href":"https:\/\/api.w.org\/{rel}","templated":true}]}}