{"id":4816,"date":"2015-06-16T17:50:40","date_gmt":"2015-06-16T16:50:40","guid":{"rendered":"http:\/\/www.amicale-aeap.fr\/word\/?p=4816"},"modified":"2015-06-16T15:30:30","modified_gmt":"2015-06-16T14:30:30","slug":"commande-de-billets-pour-la-foire-de-gayant-2","status":"publish","type":"post","link":"https:\/\/www.amicale-aeap.fr\/word\/2015\/06\/16\/commande-de-billets-pour-la-foire-de-gayant-2\/","title":{"rendered":"RAPPEL : Commande de billets pour la foire de Gayant"},"content":{"rendered":"<div class=\"entry-content post_content\">\n<p>Bonjour,<\/p>\n<p>L\u2019amicale commande\u00a0chaque\u00a0ann\u00e9e\u00a0des billets au tarif CE pour la foire expo de Gayant en septembre.<\/p>\n<p>Le tarif\u00a0pr\u00e9f\u00e9rentiel de 1 euro reste inchang\u00e9.<\/p>\n<p>Pour ajuster au mieux la commande de billets, nous vous remercions de les pr\u00e9-commander en laissant un commentaire sur cet article (bas de page) avant le 29 juin.<\/p>\n<p>Les billets seront ensuite disponibles pendant l\u2019\u00e9t\u00e9, selon la date de r\u00e9ception.<\/p>\n<p><img loading=\"lazy\" decoding=\"async\" class=\"attachment-event wp-post-image aligncenter\" src=\"http:\/\/www.gayantexpoconcerts.com\/wp-content\/uploads\/Affiche-Ferme-Douai_v06-380x290.jpg\" alt=\"Affiche Ferme Douai_v06\" width=\"380\" height=\"290\" \/><\/p>\n<p>Pour plus d&rsquo;info\u00a0:\u00a0<a href=\"http:\/\/www.gayantexpoconcerts.com\/evenements\/71eme-foire-exposition-regionale-de-douai\">http:\/\/www.gayantexpoconcerts.com\/evenements\/71eme-foire-exposition-regionale-de-douai<\/a>\u00a0<\/p>\n<\/div>\n","protected":false},"excerpt":{"rendered":"<p>Bonjour, L\u2019amicale commande\u00a0chaque\u00a0ann\u00e9e\u00a0des billets au tarif CE pour la foire expo de Gayant en septembre. Le tarif\u00a0pr\u00e9f\u00e9rentiel de 1 euro reste inchang\u00e9. Pour ajuster au mieux la commande de billets, nous vous remercions de les pr\u00e9-commander en laissant un commentaire sur cet article (bas de page) avant le 29 juin. [&hellip;]<\/p>\n","protected":false},"author":162,"featured_media":0,"comment_status":"open","ping_status":"closed","sticky":false,"template":"","format":"standard","meta":{"footnotes":""},"categories":[1],"tags":[],"class_list":["post-4816","post","type-post","status-publish","format-standard","hentry","category-actus"],"_links":{"self":[{"href":"https:\/\/www.amicale-aeap.fr\/word\/wp-json\/wp\/v2\/posts\/4816","targetHints":{"allow":["GET"]}}],"collection":[{"href":"https:\/\/www.amicale-aeap.fr\/word\/wp-json\/wp\/v2\/posts"}],"about":[{"href":"https:\/\/www.amicale-aeap.fr\/word\/wp-json\/wp\/v2\/types\/post"}],"author":[{"embeddable":true,"href":"https:\/\/www.amicale-aeap.fr\/word\/wp-json\/wp\/v2\/users\/162"}],"replies":[{"embeddable":true,"href":"https:\/\/www.amicale-aeap.fr\/word\/wp-json\/wp\/v2\/comments?post=4816"}],"version-history":[{"count":3,"href":"https:\/\/www.amicale-aeap.fr\/word\/wp-json\/wp\/v2\/posts\/4816\/revisions"}],"predecessor-version":[{"id":4858,"href":"https:\/\/www.amicale-aeap.fr\/word\/wp-json\/wp\/v2\/posts\/4816\/revisions\/4858"}],"wp:attachment":[{"href":"https:\/\/www.amicale-aeap.fr\/word\/wp-json\/wp\/v2\/media?parent=4816"}],"wp:term":[{"taxonomy":"category","embeddable":true,"href":"https:\/\/www.amicale-aeap.fr\/word\/wp-json\/wp\/v2\/categories?post=4816"},{"taxonomy":"post_tag","embeddable":true,"href":"https:\/\/www.amicale-aeap.fr\/word\/wp-json\/wp\/v2\/tags?post=4816"}],"curies":[{"name":"wp","href":"https:\/\/api.w.org\/{rel}","templated":true}]}}