{"id":4796,"date":"2015-04-09T21:09:23","date_gmt":"2015-04-09T20:09:23","guid":{"rendered":"http:\/\/www.amicale-aeap.fr\/word\/?p=4796"},"modified":"2015-04-09T19:30:56","modified_gmt":"2015-04-09T18:30:56","slug":"retour-sur-lassemblee-generale-2015","status":"publish","type":"post","link":"https:\/\/www.amicale-aeap.fr\/word\/2015\/04\/09\/retour-sur-lassemblee-generale-2015\/","title":{"rendered":"Retour sur l&rsquo;Assembl\u00e9e g\u00e9n\u00e9rale 2015"},"content":{"rendered":"<p>Bonjour \u00e0 tous,<\/p>\n<p>L&rsquo;Assembl\u00e9e G\u00e9n\u00e9rale de l&rsquo;amicale a eu lieu ce jour.\u00a0Merci \u00e0 tous ceux qui sont venus ou ont \u00e9t\u00e9 repr\u00e9sent\u00e9s par pouvoir.<\/p>\n<p>Ci-dessous dans un fichier ZIP les documents suivants :<\/p>\n<ul>\n<li>Le ppt pr\u00e9sent\u00e9 en s\u00e9ance amend\u00e9 avec les r\u00e9ponses aux questions qui ont \u00e9t\u00e9 pos\u00e9es en s\u00e9ance.<\/li>\n<li>Le budget pr\u00e9visionnel pour 2015-2016 (qui n&rsquo;a pas \u00e9t\u00e9 pr\u00e9sent\u00e9 en s\u00e9ance pour cause de manque de temps pour pr\u00e9paration de l&rsquo;AG, mea culpa &#8230;. mais chaque ann\u00e9e on fait un peu mieux que l&rsquo;ann\u00e9e pr\u00e9c\u00e9dente, l&rsquo;ann\u00e9e prochaine sera parfaite). Si vous souhaitez qu&rsquo;une nouvelle AG soit organis\u00e9e pour voter ce budget, vous pouvez vous manifester aupr\u00e8s d&rsquo;un membre du bureau. A noter\u00a0: certaines activit\u00e9s sont pr\u00e9vues aujourd&rsquo;hui, mais dans l&rsquo;id\u00e9al, ce serait bien que l&rsquo;investissement dans l&rsquo;organisation des activit\u00e9s soit partag\u00e9 entre tous les amicalistes pour que tout cela puisse s&rsquo;organiser dans de bonnes conditions.<\/li>\n<li>Le ppt sur le s\u00e9jour kayak de mer pr\u00e9sent\u00e9 en s\u00e9ance.<\/li>\n<li>Le rapport d&rsquo;activit\u00e9s 2014<\/li>\n<\/ul>\n<p>Lien vers le fichier :\u00a0<a title=\"Dossier compress\u00e9 contenant les documents de l'AG\" href=\"http:\/\/www.amicale-aeap.fr\/word\/wp-content\/uploads\/2015\/04\/AG.zip\">Dossier compress\u00e9 contenant les documents de l&rsquo;AG<\/a><\/p>\n<p>Si vous avez des questions, vous pouvez nous les poser.<\/p>\n<p>Nous \u00e9tudierons la possibilit\u00e9 d&rsquo;organiser une AG en fin d&rsquo;ann\u00e9e pour faire un appel \u00e0 projets pour l&rsquo;ann\u00e9e prochaine. Mais vous comprendrez que toute cette gestion demande du temps que nous n&rsquo;avons pas forc\u00e9ment &#8230;.<\/p>\n<p>Le nouveau conseil d&rsquo;administration est le suivant :\u00a0Catherine Saldo, Bruno P\u00e9nisson, Am\u00e9lie Vlandas, Patrice Bizais, Vincent Cappelle, Catherine Zacharko, Karine\u00a0Vall\u00e9e, G\u00e9raldine Aubert, Soria Benderradji, M\u00e9lina Seyman.<\/p>\n<p>Le conseil d&rsquo;administration se r\u00e9unira tr\u00e8s prochainement pour ses \u00e9lections internes. Un grand merci \u00e0 tous.<\/p>\n<p>&nbsp;<\/p>\n<p>Amicalement, bonne soir\u00e9e \u00e0 tous,\u00a0M\u00e9lina<\/p>\n<p>&nbsp;<\/p>\n","protected":false},"excerpt":{"rendered":"<p>Bonjour \u00e0 tous, L&rsquo;Assembl\u00e9e G\u00e9n\u00e9rale de l&rsquo;amicale a eu lieu ce jour.\u00a0Merci \u00e0 tous ceux qui sont venus ou ont \u00e9t\u00e9 repr\u00e9sent\u00e9s par pouvoir. Ci-dessous dans un fichier ZIP les documents suivants : Le ppt pr\u00e9sent\u00e9 en s\u00e9ance amend\u00e9 avec les r\u00e9ponses aux questions qui ont \u00e9t\u00e9 pos\u00e9es en s\u00e9ance. [&hellip;]<\/p>\n","protected":false},"author":1,"featured_media":0,"comment_status":"open","ping_status":"closed","sticky":false,"template":"","format":"standard","meta":{"footnotes":""},"categories":[1],"tags":[],"class_list":["post-4796","post","type-post","status-publish","format-standard","hentry","category-actus"],"_links":{"self":[{"href":"https:\/\/www.amicale-aeap.fr\/word\/wp-json\/wp\/v2\/posts\/4796","targetHints":{"allow":["GET"]}}],"collection":[{"href":"https:\/\/www.amicale-aeap.fr\/word\/wp-json\/wp\/v2\/posts"}],"about":[{"href":"https:\/\/www.amicale-aeap.fr\/word\/wp-json\/wp\/v2\/types\/post"}],"author":[{"embeddable":true,"href":"https:\/\/www.amicale-aeap.fr\/word\/wp-json\/wp\/v2\/users\/1"}],"replies":[{"embeddable":true,"href":"https:\/\/www.amicale-aeap.fr\/word\/wp-json\/wp\/v2\/comments?post=4796"}],"version-history":[{"count":4,"href":"https:\/\/www.amicale-aeap.fr\/word\/wp-json\/wp\/v2\/posts\/4796\/revisions"}],"predecessor-version":[{"id":4801,"href":"https:\/\/www.amicale-aeap.fr\/word\/wp-json\/wp\/v2\/posts\/4796\/revisions\/4801"}],"wp:attachment":[{"href":"https:\/\/www.amicale-aeap.fr\/word\/wp-json\/wp\/v2\/media?parent=4796"}],"wp:term":[{"taxonomy":"category","embeddable":true,"href":"https:\/\/www.amicale-aeap.fr\/word\/wp-json\/wp\/v2\/categories?post=4796"},{"taxonomy":"post_tag","embeddable":true,"href":"https:\/\/www.amicale-aeap.fr\/word\/wp-json\/wp\/v2\/tags?post=4796"}],"curies":[{"name":"wp","href":"https:\/\/api.w.org\/{rel}","templated":true}]}}