{"id":479,"date":"2011-05-18T09:41:24","date_gmt":"2011-05-18T08:41:24","guid":{"rendered":"http:\/\/www.amicale-aeap.fr\/word\/?p=479"},"modified":"2011-05-18T09:41:24","modified_gmt":"2011-05-18T08:41:24","slug":"conference-debat-la-mediterranee-dechainee","status":"publish","type":"post","link":"https:\/\/www.amicale-aeap.fr\/word\/2011\/05\/18\/conference-debat-la-mediterranee-dechainee\/","title":{"rendered":"Conf\u00e9rence-d\u00e9bat : la M\u00e9diterran\u00e9e d\u00e9chain\u00e9e"},"content":{"rendered":"<p style=\"text-align: center;\">Maison de l&rsquo;Europe<br \/>\n175 quai Foch DOUAI<\/p>\n<p style=\"text-align: center;\"><strong>Jeudi 19 mai \u00e0 19h<\/strong><\/p>\n<p style=\"text-align: center;\">Conf\u00e9rence-d\u00e9bat : <strong>la M\u00e9diterran\u00e9e d\u00e9chain\u00e9e<\/strong><\/p>\n<p style=\"text-align: center;\"><strong>avec Michel Grelier<\/strong><\/p>\n<p style=\"text-align: center;\">(conf\u00e9rencier du Team Europe)<strong> <\/strong><\/p>\n<p style=\"text-align: center;\"><strong>Entr\u00e9e libre<br \/>\n<\/strong><\/p>\n<p>&nbsp;<\/p>\n","protected":false},"excerpt":{"rendered":"<p>Maison de l&rsquo;Europe 175 quai Foch DOUAI Jeudi 19 mai \u00e0 19h Conf\u00e9rence-d\u00e9bat : la M\u00e9diterran\u00e9e d\u00e9chain\u00e9e avec Michel Grelier (conf\u00e9rencier du Team Europe) Entr\u00e9e libre &nbsp;<\/p>\n","protected":false},"author":1,"featured_media":0,"comment_status":"open","ping_status":"closed","sticky":false,"template":"","format":"standard","meta":{"footnotes":""},"categories":[26],"tags":[],"class_list":["post-479","post","type-post","status-publish","format-standard","hentry","category-petites-annonces"],"_links":{"self":[{"href":"https:\/\/www.amicale-aeap.fr\/word\/wp-json\/wp\/v2\/posts\/479","targetHints":{"allow":["GET"]}}],"collection":[{"href":"https:\/\/www.amicale-aeap.fr\/word\/wp-json\/wp\/v2\/posts"}],"about":[{"href":"https:\/\/www.amicale-aeap.fr\/word\/wp-json\/wp\/v2\/types\/post"}],"author":[{"embeddable":true,"href":"https:\/\/www.amicale-aeap.fr\/word\/wp-json\/wp\/v2\/users\/1"}],"replies":[{"embeddable":true,"href":"https:\/\/www.amicale-aeap.fr\/word\/wp-json\/wp\/v2\/comments?post=479"}],"version-history":[{"count":1,"href":"https:\/\/www.amicale-aeap.fr\/word\/wp-json\/wp\/v2\/posts\/479\/revisions"}],"predecessor-version":[{"id":480,"href":"https:\/\/www.amicale-aeap.fr\/word\/wp-json\/wp\/v2\/posts\/479\/revisions\/480"}],"wp:attachment":[{"href":"https:\/\/www.amicale-aeap.fr\/word\/wp-json\/wp\/v2\/media?parent=479"}],"wp:term":[{"taxonomy":"category","embeddable":true,"href":"https:\/\/www.amicale-aeap.fr\/word\/wp-json\/wp\/v2\/categories?post=479"},{"taxonomy":"post_tag","embeddable":true,"href":"https:\/\/www.amicale-aeap.fr\/word\/wp-json\/wp\/v2\/tags?post=479"}],"curies":[{"name":"wp","href":"https:\/\/api.w.org\/{rel}","templated":true}]}}