{"id":4763,"date":"2015-02-22T10:56:20","date_gmt":"2015-02-22T09:56:20","guid":{"rendered":"http:\/\/www.amicale-aeap.fr\/word\/?p=4763"},"modified":"2015-02-22T10:56:20","modified_gmt":"2015-02-22T09:56:20","slug":"deux-jours-pour-sinitier-a-la-photo-comme-un-pro","status":"publish","type":"post","link":"https:\/\/www.amicale-aeap.fr\/word\/2015\/02\/22\/deux-jours-pour-sinitier-a-la-photo-comme-un-pro\/","title":{"rendered":"Deux jours pour s&rsquo;initier \u00e0 la photo comme un pro :)"},"content":{"rendered":"<p><strong>Le club photo n&rsquo;est plus, vive les stages photos !<\/strong><\/p>\n<p>L&rsquo;amicale vous propose un stage de photographie\u00a0sur deux jours \u00e0 Lille. Deux jours niveau \u00ab\u00a0d\u00e9butant\u00a0\u00bb pour d\u00e9buter, r\u00e9viser, ou m\u00eame rattraper ceux qui ont particip\u00e9 au club photo en 2011 et se retrouver tous au m\u00eame niveau, puis nous pourrons continuer sur des stages th\u00e9matiques ou de perfectionnement.<\/p>\n<p>Le stage propos\u00e9 (mini 12 h de formation) est intitul\u00e9 :\u00a0<strong>Venez vous initier aux techniques de prises de vues avec un reflex num\u00e9rique ou un bridge.<\/strong><\/p>\n<p>L\u2019objectif de ce stage est de sortir du programme vert tout auto et d\u2019exploiter la profondeur de champ, la priorit\u00e9 \u00e0 la vitesse de votre appareil. Ma\u00eetriser les effets, la gestion des couleurs mais aussi travailler la composition et votre regard.<\/p>\n<ul>\n<li>2 jours complets pour comprendre votre appareil et le tester.<\/li>\n<li>(Un appareil reflex peut vous \u00eatre pr\u00eat\u00e9 durant le stage.)<\/li>\n<\/ul>\n<p>Au programme : la vis\u00e9e reflex, les objectifs, le couple diaphragme\/vitesse, les modes d\u2019exposition P A S M, la sensibilit\u00e9, la balance des blancs, la gestion de la lumi\u00e8re&#8230; Sortie terrain avec sensibilisation au cadrage et \u00e0 la composition puis analyse des clich\u00e9s.<\/p>\n<p>Ce stage tr\u00e8s complet organis\u00e9 sur un week-end vous permet de prendre en main votre appareil reflex ou votre bridge (ou hybride).<\/p>\n<p>Descriptif du stage : <a title=\"MOBILABO DESTIN SENSIBLE\" href=\"http:\/\/stagephoto.mobilabo.com\/5-SP-stage-photo-initiation-a-la-prise-de-vue-au-reflex-numerique.html\">http:\/\/stagephoto.mobilabo.com\/5-SP-stage-photo-initiation-a-la-prise-de-vue-au-reflex-numerique.html<\/a><\/p>\n<p>Vous aurez ensuite tout l&rsquo;\u00e9t\u00e9 pour vous perfectionner &#8230;. et participer \u00e0 un concours photo organis\u00e9 en fin d&rsquo;ann\u00e9e !<\/p>\n<p>Le stage est propos\u00e9 au tarif de 60 \u20ac pour les amicalistes. Le groupe peut \u00eatre compos\u00e9 de 6 \u00e0 8 personnes. Les dates retenues pour le moment sont les 04 et 05 juillet.<\/p>\n<p>Les personnes int\u00e9ress\u00e9es sont pri\u00e9es de se manifester par email aupr\u00e8s de M\u00e9lina avant le 15 mars. Merci de lui indiquer si vous \u00eates int\u00e9ress\u00e9 par ce stage \u00e0 ces dates l\u00e0, ou si vous \u00eates int\u00e9ress\u00e9 par le stage, mais les dates ne conviennent pas, ou si l&rsquo;id\u00e9e de relancer le club photo avec ce type de sorties vous int\u00e9resse pour la suite. Nous essaierons de proposer une solution qui convienne au maximum de personnes.<\/p>\n<p>Nous vous souhaitons \u00e0 tous de belles prises de vue pendant les vacances !<\/p>\n<p>&nbsp;<\/p>\n<p>&nbsp;<\/p>\n","protected":false},"excerpt":{"rendered":"<p>Le club photo n&rsquo;est plus, vive les stages photos ! L&rsquo;amicale vous propose un stage de photographie\u00a0sur deux jours \u00e0 Lille. Deux jours niveau \u00ab\u00a0d\u00e9butant\u00a0\u00bb pour d\u00e9buter, r\u00e9viser, ou m\u00eame rattraper ceux qui ont particip\u00e9 au club photo en 2011 et se retrouver tous au m\u00eame niveau, puis nous pourrons [&hellip;]<\/p>\n","protected":false},"author":1,"featured_media":79,"comment_status":"open","ping_status":"closed","sticky":false,"template":"","format":"standard","meta":{"footnotes":""},"categories":[1],"tags":[],"class_list":["post-4763","post","type-post","status-publish","format-standard","has-post-thumbnail","hentry","category-actus"],"_links":{"self":[{"href":"https:\/\/www.amicale-aeap.fr\/word\/wp-json\/wp\/v2\/posts\/4763","targetHints":{"allow":["GET"]}}],"collection":[{"href":"https:\/\/www.amicale-aeap.fr\/word\/wp-json\/wp\/v2\/posts"}],"about":[{"href":"https:\/\/www.amicale-aeap.fr\/word\/wp-json\/wp\/v2\/types\/post"}],"author":[{"embeddable":true,"href":"https:\/\/www.amicale-aeap.fr\/word\/wp-json\/wp\/v2\/users\/1"}],"replies":[{"embeddable":true,"href":"https:\/\/www.amicale-aeap.fr\/word\/wp-json\/wp\/v2\/comments?post=4763"}],"version-history":[{"count":3,"href":"https:\/\/www.amicale-aeap.fr\/word\/wp-json\/wp\/v2\/posts\/4763\/revisions"}],"predecessor-version":[{"id":4767,"href":"https:\/\/www.amicale-aeap.fr\/word\/wp-json\/wp\/v2\/posts\/4763\/revisions\/4767"}],"wp:featuredmedia":[{"embeddable":true,"href":"https:\/\/www.amicale-aeap.fr\/word\/wp-json\/wp\/v2\/media\/79"}],"wp:attachment":[{"href":"https:\/\/www.amicale-aeap.fr\/word\/wp-json\/wp\/v2\/media?parent=4763"}],"wp:term":[{"taxonomy":"category","embeddable":true,"href":"https:\/\/www.amicale-aeap.fr\/word\/wp-json\/wp\/v2\/categories?post=4763"},{"taxonomy":"post_tag","embeddable":true,"href":"https:\/\/www.amicale-aeap.fr\/word\/wp-json\/wp\/v2\/tags?post=4763"}],"curies":[{"name":"wp","href":"https:\/\/api.w.org\/{rel}","templated":true}]}}