{"id":4738,"date":"2015-02-08T13:29:59","date_gmt":"2015-02-08T12:29:59","guid":{"rendered":"http:\/\/www.amicale-aeap.fr\/word\/?p=4738"},"modified":"2015-02-07T16:04:11","modified_gmt":"2015-02-07T15:04:11","slug":"debut-dannee-en-fanfare-a-lamicale","status":"publish","type":"post","link":"https:\/\/www.amicale-aeap.fr\/word\/2015\/02\/08\/debut-dannee-en-fanfare-a-lamicale\/","title":{"rendered":"D\u00e9but d&rsquo;ann\u00e9e en fanfare \u00e0 l&rsquo;amicale !"},"content":{"rendered":"<p style=\"text-align: center;\"><strong>Ca booste, il se passe des choses !! <\/strong><\/p>\n<p style=\"text-align: center;\"><strong>Et \u00e7a va continuer comme \u00e7a toute l&rsquo;ann\u00e9e !!!<br \/>\n<\/strong><\/p>\n<p>Avis aux \u00e9tourdis, pensez \u00e0 votre cotisation 2015 !<\/p>\n<p>Vous pouvez imprimer le <a href=\"http:\/\/www.amicale-aeap.fr\/word\/wp-content\/uploads\/2015\/01\/formulaire_2015.pdf\">Formulaire d&rsquo;adh\u00e9sion \u00e0 l&rsquo;amicale 2015<\/a> et le donner \u00e0 un membre du bureau accompagn\u00e9 de votre cotisation &#8230;. nous acceptons les retardataires, mais ne trainez pas trop &#8230;<\/p>\n<p style=\"text-align: left;\">\u00a0<strong>En ce moment \u00e0 l&rsquo;amicale<br \/>\n<\/strong><\/p>\n<ul>\n<li><a title=\"Quadrilogie, cin\u00e9ma et ha\u00efku\" href=\"http:\/\/www.amicale-aeap.fr\/word\/2015\/4705\">Commande de billets de cin\u00e9ma \u00e0 4 \u20ac<\/a>\u00a0 &#8211; date limite pour vos commandes le 12 f\u00e9vrier<\/li>\n<li><a title=\"Cirque : dernier d\u00e9part\" href=\"http:\/\/www.amicale-aeap.fr\/word\/2015\/4727\">Inscriptions pour le cirque \u00e9ducatif <\/a>pendant les vacances de f\u00e9vrier<\/li>\n<li><a title=\"Un week-end de marche nordique \u2026. au bord de la mer\" href=\"http:\/\/www.amicale-aeap.fr\/word\/2015\/4701\">Inscriptions pour le week-end de marche nordique<\/a> les 11 et 12 avril<\/li>\n<li><a href=\"http:\/\/www.amicale-aeap.fr\/word\/2015\/4730\">Inscriptions aux Boucles de Gayant<\/a> le 14 mai 2015<\/li>\n<li><a title=\"RIA 2015 : inscrivez-vous !! (mise \u00e0 jour)\" href=\"http:\/\/www.amicale-aeap.fr\/word\/2015\/4651\">Inscriptions pour les Rencontres Inter Agences<\/a> du 5 au 7 juin<\/li>\n<li><a title=\"Tous \u00e0 l\u2019ouest \u2026.\" href=\"http:\/\/www.amicale-aeap.fr\/word\/2015\/4679\">Inscriptions pour le voyage dans l&rsquo;Ouest am\u00e9ricain<\/a> en avril 2016<\/li>\n<li>Rallye Voile Inter Agences &#8211; nous sommes en attente des infos de SN<\/li>\n<li>Le VIA au Canada : les jeux sont faits !<\/li>\n<\/ul>\n<p>Et quelques autres projets dans les cartons &#8230;.. mais attendez les surprises !<\/p>\n<p>N&rsquo;oubliez pas que si vous souhaitez recevoir les nouvelles de l&rsquo;amicale, vous pouvez vous inscrire sur cette page : <a href=\"http:\/\/www.amicale-aeap.fr\/word\/notifications\">Alerte Email<\/a>.<\/p>\n<p style=\"text-align: left;\"><strong>Notez dans vos agendas la date du 31 mars \u00e0 15h : ce sera l&rsquo;Assembl\u00e9e g\u00e9n\u00e9rale.<\/strong><\/p>\n<p>Nous proc\u00e9derons au renouvellement de la moiti\u00e9 des membres du bureau\/conseil d&rsquo;administration, comme chaque ann\u00e9e. Les volontaires pour participer au bureau sont les bienvenus, merci de vous manifester aupr\u00e8s de M\u00e9lina pour poser votre candidature (l&rsquo;envoi d&rsquo;un mail suffit), si possible avant le 13 mars. Les convocations officielles seront envoy\u00e9es ce jour l\u00e0.<\/p>\n<p>Si vous souhaitez aborder des sujets en particulier lors de cette AG, envoyez-nous un message \u00e9galement, que l&rsquo;on puisse le pr\u00e9voir dans l&rsquo;ordre du jour. Et si vous avez des propositions d&rsquo;activit\u00e9s, allez-y ! Nous sommes toute ou\u00efe !<\/p>\n<p>Bonne semaine \u00e0 tous !<\/p>\n<p>&nbsp;<\/p>\n<p>&nbsp;<\/p>\n<p>&nbsp;<\/p>\n","protected":false},"excerpt":{"rendered":"<p>Ca booste, il se passe des choses !! Et \u00e7a va continuer comme \u00e7a toute l&rsquo;ann\u00e9e !!! Avis aux \u00e9tourdis, pensez \u00e0 votre cotisation 2015 ! Vous pouvez imprimer le Formulaire d&rsquo;adh\u00e9sion \u00e0 l&rsquo;amicale 2015 et le donner \u00e0 un membre du bureau accompagn\u00e9 de votre cotisation &#8230;. nous acceptons [&hellip;]<\/p>\n","protected":false},"author":1,"featured_media":4745,"comment_status":"open","ping_status":"closed","sticky":false,"template":"","format":"standard","meta":{"footnotes":""},"categories":[1],"tags":[],"class_list":["post-4738","post","type-post","status-publish","format-standard","has-post-thumbnail","hentry","category-actus"],"_links":{"self":[{"href":"https:\/\/www.amicale-aeap.fr\/word\/wp-json\/wp\/v2\/posts\/4738","targetHints":{"allow":["GET"]}}],"collection":[{"href":"https:\/\/www.amicale-aeap.fr\/word\/wp-json\/wp\/v2\/posts"}],"about":[{"href":"https:\/\/www.amicale-aeap.fr\/word\/wp-json\/wp\/v2\/types\/post"}],"author":[{"embeddable":true,"href":"https:\/\/www.amicale-aeap.fr\/word\/wp-json\/wp\/v2\/users\/1"}],"replies":[{"embeddable":true,"href":"https:\/\/www.amicale-aeap.fr\/word\/wp-json\/wp\/v2\/comments?post=4738"}],"version-history":[{"count":9,"href":"https:\/\/www.amicale-aeap.fr\/word\/wp-json\/wp\/v2\/posts\/4738\/revisions"}],"predecessor-version":[{"id":4752,"href":"https:\/\/www.amicale-aeap.fr\/word\/wp-json\/wp\/v2\/posts\/4738\/revisions\/4752"}],"wp:featuredmedia":[{"embeddable":true,"href":"https:\/\/www.amicale-aeap.fr\/word\/wp-json\/wp\/v2\/media\/4745"}],"wp:attachment":[{"href":"https:\/\/www.amicale-aeap.fr\/word\/wp-json\/wp\/v2\/media?parent=4738"}],"wp:term":[{"taxonomy":"category","embeddable":true,"href":"https:\/\/www.amicale-aeap.fr\/word\/wp-json\/wp\/v2\/categories?post=4738"},{"taxonomy":"post_tag","embeddable":true,"href":"https:\/\/www.amicale-aeap.fr\/word\/wp-json\/wp\/v2\/tags?post=4738"}],"curies":[{"name":"wp","href":"https:\/\/api.w.org\/{rel}","templated":true}]}}