{"id":4598,"date":"2014-11-24T10:44:22","date_gmt":"2014-11-24T09:44:22","guid":{"rendered":"http:\/\/www.amicale-aeap.fr\/word\/?p=4598"},"modified":"2014-11-24T16:25:16","modified_gmt":"2014-11-24T15:25:16","slug":"equipe-amicale-pour-pedaler-pour-leau","status":"publish","type":"post","link":"https:\/\/www.amicale-aeap.fr\/word\/2014\/11\/24\/equipe-amicale-pour-pedaler-pour-leau\/","title":{"rendered":"Constituons une \u00e9quipe pour p\u00e9daler pour l&rsquo;eau !"},"content":{"rendered":"<p>L&rsquo;Agence organise, dans le cadre du 12\u00e8me parlement europ\u00e9en de la jeunesse pour l\u2019eau, un<strong> VELO MAPPING. L&rsquo;amicale vous propose de participer au projet pour montrer que nous sommes solidaires.<br \/>\n<\/strong><\/p>\n<p>L&rsquo;id\u00e9e serait d&rsquo;aller p\u00e9daler dans la cour de l&rsquo;Hotel de Ville <strong>entre 16h et 17h45 le 3 d\u00e9cembre<\/strong>. Votre \u00e9nergie gonflera les compteurs pour subventionner des projets de solidarit\u00e9 internationale.<\/p>\n<p>Ces projets sont les suivants :<\/p>\n<ul>\n<li>L&rsquo;acc\u00e8s durable \u00e0 l&rsquo;eau au Burkina Faso ;<\/li>\n<li>Combattre le changement climatique au Sahel ;<\/li>\n<li>Utiliser l&rsquo;\u00e9nergie solaire pour faire fonctionner des pompes \u00e0 eau au Bangladesh ;<\/li>\n<li>Mise en place de syst\u00e8mes d&rsquo;irrigation agricole au Maroc ;<\/li>\n<li>Sensibiliser\u00a0\u00e0 l&rsquo;hygi\u00e8ne pour des \u00e9coles du Burkina Faso.<\/li>\n<\/ul>\n<p>A partir de 17h45, c&rsquo;est la remise des prix !<\/p>\n<p><strong>Inscrivez-vous aupr\u00e8s du SCI avant le 27 novembre.<\/strong><\/p>\n<p><a href=\"http:\/\/www.amicale-aeap.fr\/word\/wp-content\/uploads\/2014\/11\/Capture-1.jpg\"><img loading=\"lazy\" decoding=\"async\" class=\"alignright wp-image-4600 size-medium\" src=\"http:\/\/www.amicale-aeap.fr\/word\/wp-content\/uploads\/2014\/11\/Capture-1-300x267.jpg\" alt=\"Capture-1\" width=\"300\" height=\"267\" srcset=\"https:\/\/www.amicale-aeap.fr\/word\/wp-content\/uploads\/2014\/11\/Capture-1-300x267.jpg 300w, https:\/\/www.amicale-aeap.fr\/word\/wp-content\/uploads\/2014\/11\/Capture-1.jpg 798w\" sizes=\"auto, (max-width: 300px) 100vw, 300px\" \/><\/a><\/p>\n<p>&nbsp;<\/p>\n<p>NB : Mise \u00e0 jour du message.<\/p>\n","protected":false},"excerpt":{"rendered":"<p>L&rsquo;Agence organise, dans le cadre du 12\u00e8me parlement europ\u00e9en de la jeunesse pour l\u2019eau, un VELO MAPPING. L&rsquo;amicale vous propose de participer au projet pour montrer que nous sommes solidaires. L&rsquo;id\u00e9e serait d&rsquo;aller p\u00e9daler dans la cour de l&rsquo;Hotel de Ville entre 16h et 17h45 le 3 d\u00e9cembre. Votre \u00e9nergie [&hellip;]<\/p>\n","protected":false},"author":1,"featured_media":0,"comment_status":"open","ping_status":"closed","sticky":false,"template":"","format":"standard","meta":{"footnotes":""},"categories":[1],"tags":[],"class_list":["post-4598","post","type-post","status-publish","format-standard","hentry","category-actus"],"_links":{"self":[{"href":"https:\/\/www.amicale-aeap.fr\/word\/wp-json\/wp\/v2\/posts\/4598","targetHints":{"allow":["GET"]}}],"collection":[{"href":"https:\/\/www.amicale-aeap.fr\/word\/wp-json\/wp\/v2\/posts"}],"about":[{"href":"https:\/\/www.amicale-aeap.fr\/word\/wp-json\/wp\/v2\/types\/post"}],"author":[{"embeddable":true,"href":"https:\/\/www.amicale-aeap.fr\/word\/wp-json\/wp\/v2\/users\/1"}],"replies":[{"embeddable":true,"href":"https:\/\/www.amicale-aeap.fr\/word\/wp-json\/wp\/v2\/comments?post=4598"}],"version-history":[{"count":4,"href":"https:\/\/www.amicale-aeap.fr\/word\/wp-json\/wp\/v2\/posts\/4598\/revisions"}],"predecessor-version":[{"id":4604,"href":"https:\/\/www.amicale-aeap.fr\/word\/wp-json\/wp\/v2\/posts\/4598\/revisions\/4604"}],"wp:attachment":[{"href":"https:\/\/www.amicale-aeap.fr\/word\/wp-json\/wp\/v2\/media?parent=4598"}],"wp:term":[{"taxonomy":"category","embeddable":true,"href":"https:\/\/www.amicale-aeap.fr\/word\/wp-json\/wp\/v2\/categories?post=4598"},{"taxonomy":"post_tag","embeddable":true,"href":"https:\/\/www.amicale-aeap.fr\/word\/wp-json\/wp\/v2\/tags?post=4598"}],"curies":[{"name":"wp","href":"https:\/\/api.w.org\/{rel}","templated":true}]}}