{"id":4559,"date":"2014-11-07T19:11:52","date_gmt":"2014-11-07T18:11:52","guid":{"rendered":"http:\/\/www.amicale-aeap.fr\/word\/?p=4559"},"modified":"2014-11-07T14:10:32","modified_gmt":"2014-11-07T13:10:32","slug":"invitation-au-repas-de-fin-dannee-le-19-decembre","status":"publish","type":"post","link":"https:\/\/www.amicale-aeap.fr\/word\/2014\/11\/07\/invitation-au-repas-de-fin-dannee-le-19-decembre\/","title":{"rendered":"Invitation au repas de fin d&rsquo;ann\u00e9e le 19 d\u00e9cembre"},"content":{"rendered":"<h3><strong>Invitation au repas de fin d\u2019ann\u00e9e<\/strong><\/h3>\n<p>L\u2019amicale vous invite \u00e0 participer au traditionnel repas de fin d\u2019ann\u00e9e dans la salle du restaurant le 19 d\u00e9cembre \u00e0 12h45, \u00e0 la suite de la c\u00e9r\u00e9monie des m\u00e9dailles.<\/p>\n<p>Ce repas est ouvert \u00e0 tous les agents, amicalistes ou non, au tarif unique de 10 \u20ac.<\/p>\n<p>Nous vous attendons nombreux pour ce moment de convivialit\u00e9\u00a0!<\/p>\n<h3><\/h3>\n<h3><strong>Votre menu (au choix)<\/strong><\/h3>\n<p><strong>Menu num\u00e9ro 1<\/strong><\/p>\n<ul>\n<li>M\u00e9daillon de cerf en cro\u00fbte de ch\u00e2taigne sauce aux girolles<a href=\"http:\/\/www.amicale-aeap.fr\/word\/wp-content\/uploads\/2014\/11\/PBBC72UyqoOapIhjbL2FO5NXj_c-e1415358461655.png\"><img loading=\"lazy\" decoding=\"async\" class=\"alignright  wp-image-4561\" src=\"http:\/\/www.amicale-aeap.fr\/word\/wp-content\/uploads\/2014\/11\/PBBC72UyqoOapIhjbL2FO5NXj_c-300x240.png\" alt=\"PBBC72UyqoOapIhjbL2FO5NXj_c\" width=\"175\" height=\"140\" \/><\/a><\/li>\n<li>Bisteu (tarte feuillet\u00e9e aux pommes de terre-lardons-cr\u00e8me)<\/li>\n<li>Croustillant aux l\u00e9gumes de producteurs locaux<\/li>\n<li>Fromages de caract\u00e8re &amp; Farandole de desserts maison<\/li>\n<\/ul>\n<p><strong><br \/>\n<\/strong><\/p>\n<p><strong>Menu num\u00e9ro 2\u00a0\u00a0\u00a0\u00a0\u00a0\u00a0 <\/strong><\/p>\n<ul>\n<li>Filet de sole farci avec son<a href=\"http:\/\/www.amicale-aeap.fr\/word\/wp-content\/uploads\/2014\/11\/QzS-Y8X1O5PoTjNw3wxUWtu-6w-e1415358504965.png\"><img loading=\"lazy\" decoding=\"async\" class=\"alignright  wp-image-4562\" src=\"http:\/\/www.amicale-aeap.fr\/word\/wp-content\/uploads\/2014\/11\/QzS-Y8X1O5PoTjNw3wxUWtu-6w-300x240.png\" alt=\"QzS-Y8X1O5PoTjNw3wxUWtu--6w\" width=\"159\" height=\"127\" \/><\/a><\/li>\n<li>jus de cuisson au basilic-citron-huile d\u2019olive bio<\/li>\n<li>Pommes de terre juste cuites dans le jus<\/li>\n<li>Croustillant aux l\u00e9gumes de producteurs locaux<\/li>\n<li>Fromages doux &amp; Farandole de desserts maison, fruits en coupe<\/li>\n<\/ul>\n<p>&nbsp;<\/p>\n<p><strong>Menu num\u00e9ro 3 (v\u00e9g\u00e9tarien, sans gluten et sans lactose)<br \/>\n<\/strong><\/p>\n<ul>\n<li>Galette de pois chiche bio aux carottes<a href=\"http:\/\/www.amicale-aeap.fr\/word\/wp-content\/uploads\/2014\/11\/fleur-de-dessin-anim\u00e9-25975045.jpg\"><img loading=\"lazy\" decoding=\"async\" class=\"alignright  wp-image-4563\" src=\"http:\/\/www.amicale-aeap.fr\/word\/wp-content\/uploads\/2014\/11\/fleur-de-dessin-anim\u00e9-25975045-187x300.jpg\" alt=\"http:\/\/www.dreamstime.com\/royalty-free-stock-photo-cartoon-flower-image25975045\" width=\"113\" height=\"181\" srcset=\"https:\/\/www.amicale-aeap.fr\/word\/wp-content\/uploads\/2014\/11\/fleur-de-dessin-anim\u00e9-25975045-187x300.jpg 187w, https:\/\/www.amicale-aeap.fr\/word\/wp-content\/uploads\/2014\/11\/fleur-de-dessin-anim\u00e9-25975045-640x1024.jpg 640w, https:\/\/www.amicale-aeap.fr\/word\/wp-content\/uploads\/2014\/11\/fleur-de-dessin-anim\u00e9-25975045.jpg 812w\" sizes=\"auto, (max-width: 113px) 100vw, 113px\" \/><\/a><\/li>\n<li>Quinoa gourmand (champignons-courgettes-tomates)<\/li>\n<li>L\u00e9gumes de saison aux herbes fraiches et graines germ\u00e9es<\/li>\n<li>Farandole de desserts maison bio et fruits bio servis en verrines<\/li>\n<\/ul>\n<p>&nbsp;<\/p>\n<p><a href=\"http:\/\/www.amicale-aeap.fr\/word\/wp-content\/uploads\/2014\/11\/formulaire_inscription_repas.pdf\">Pour vous inscrire, voil\u00e0 le formulaire d&rsquo;inscription au repas :<\/a><\/p>\n<h3><strong><a href=\"http:\/\/www.amicale-aeap.fr\/word\/wp-content\/uploads\/2014\/11\/formulaire_inscription_repas.pdf\">formulaire_inscription_repas<\/a><\/strong><\/h3>\n<p>&nbsp;<\/p>\n<p>&nbsp;<\/p>\n<p>&nbsp;<\/p>\n<p>&nbsp;<\/p>\n<p>&nbsp;<\/p>\n","protected":false},"excerpt":{"rendered":"<p>Invitation au repas de fin d\u2019ann\u00e9e L\u2019amicale vous invite \u00e0 participer au traditionnel repas de fin d\u2019ann\u00e9e dans la salle du restaurant le 19 d\u00e9cembre \u00e0 12h45, \u00e0 la suite de la c\u00e9r\u00e9monie des m\u00e9dailles. Ce repas est ouvert \u00e0 tous les agents, amicalistes ou non, au tarif unique de [&hellip;]<\/p>\n","protected":false},"author":1,"featured_media":0,"comment_status":"open","ping_status":"closed","sticky":false,"template":"","format":"standard","meta":{"footnotes":""},"categories":[45,1],"tags":[],"class_list":["post-4559","post","type-post","status-publish","format-standard","hentry","category-noel-2","category-actus"],"_links":{"self":[{"href":"https:\/\/www.amicale-aeap.fr\/word\/wp-json\/wp\/v2\/posts\/4559","targetHints":{"allow":["GET"]}}],"collection":[{"href":"https:\/\/www.amicale-aeap.fr\/word\/wp-json\/wp\/v2\/posts"}],"about":[{"href":"https:\/\/www.amicale-aeap.fr\/word\/wp-json\/wp\/v2\/types\/post"}],"author":[{"embeddable":true,"href":"https:\/\/www.amicale-aeap.fr\/word\/wp-json\/wp\/v2\/users\/1"}],"replies":[{"embeddable":true,"href":"https:\/\/www.amicale-aeap.fr\/word\/wp-json\/wp\/v2\/comments?post=4559"}],"version-history":[{"count":8,"href":"https:\/\/www.amicale-aeap.fr\/word\/wp-json\/wp\/v2\/posts\/4559\/revisions"}],"predecessor-version":[{"id":4572,"href":"https:\/\/www.amicale-aeap.fr\/word\/wp-json\/wp\/v2\/posts\/4559\/revisions\/4572"}],"wp:attachment":[{"href":"https:\/\/www.amicale-aeap.fr\/word\/wp-json\/wp\/v2\/media?parent=4559"}],"wp:term":[{"taxonomy":"category","embeddable":true,"href":"https:\/\/www.amicale-aeap.fr\/word\/wp-json\/wp\/v2\/categories?post=4559"},{"taxonomy":"post_tag","embeddable":true,"href":"https:\/\/www.amicale-aeap.fr\/word\/wp-json\/wp\/v2\/tags?post=4559"}],"curies":[{"name":"wp","href":"https:\/\/api.w.org\/{rel}","templated":true}]}}