{"id":4537,"date":"2014-09-23T18:39:48","date_gmt":"2014-09-23T17:39:48","guid":{"rendered":"http:\/\/www.amicale-aeap.fr\/word\/?p=4537"},"modified":"2014-09-23T19:37:42","modified_gmt":"2014-09-23T18:37:42","slug":"rallye-voiles-inter-agences-proposition-de-seine-normandie","status":"publish","type":"post","link":"https:\/\/www.amicale-aeap.fr\/word\/2014\/09\/23\/rallye-voiles-inter-agences-proposition-de-seine-normandie\/","title":{"rendered":"Rallye Voiles Inter-Agences &#8211; proposition de Seine-Normandie"},"content":{"rendered":"<p>\u00ab\u00a0<strong>BIENVENUE A BORD\u00a0\u00bb<\/strong><\/p>\n<p>L\u2019Amicale de l\u2019Agence de l\u2019Eau Seine-Normandie nous propose de participer au premier Rallye voile inter agences. Cet \u00e9v\u00e8nement\u00a0 qui s\u2019inscrit dans l\u2019esprit des rencontres inter-Agences est ouvert \u00e0 tous,\u00a0 d\u00e9butants, amateurs et passionn\u00e9s de voile.\u00a0 Il se veut convivial et f\u00e9d\u00e9rateur dans un esprit de d\u00e9couverte avec un zeste de comp\u00e9tition.<\/p>\n<p>Cette premi\u00e8re manifestation se d\u00e9roulera \u00e0 <strong>Concarneau<\/strong> et sera organis\u00e9e par l\u2019\u00e9cole de voile des Gl\u00e9nans en collaboration avec l\u2019Amicale de l\u2019Agence de l\u2019Eau Seine-Normandie.<\/p>\n<p><span style=\"text-decoration: underline;\">Dates : 18 au 20 septembre 2015.<a href=\"http:\/\/www.amicale-aeap.fr\/word\/wp-content\/uploads\/2014\/09\/header.png\"><img loading=\"lazy\" decoding=\"async\" class=\"aligncenter size-medium wp-image-4539\" src=\"http:\/\/www.amicale-aeap.fr\/word\/wp-content\/uploads\/2014\/09\/header-300x91.png\" alt=\"header\" width=\"300\" height=\"91\" srcset=\"https:\/\/www.amicale-aeap.fr\/word\/wp-content\/uploads\/2014\/09\/header-300x91.png 300w, https:\/\/www.amicale-aeap.fr\/word\/wp-content\/uploads\/2014\/09\/header.png 927w\" sizes=\"auto, (max-width: 300px) 100vw, 300px\" \/><\/a><\/span><\/p>\n<p>L\u2019\u00e9cole de voile des Gl\u00e9nans nous propose une prestation clefs en main int\u00e9grant la mise \u00e0 disposition des bateaux,\u00a0 des chefs de bord, l\u2019organisation des r\u00e9gates, la s\u00e9curit\u00e9,\u00a0 l\u2019intendance, le tout pour un co\u00fbt d\u2019engagement tr\u00e8s raisonnable.<\/p>\n<p>Nous devons rendre une r\u00e9ponse de principe <strong>au plus tard le pour le 17 octobre<\/strong> pr\u00e9cisant le\u00a0 nombre de bateaux que nous sommes susceptibles d\u2019engager (un bateau = 6 personnes, 5 si pr\u00e9sence de chef de bord Gl\u00e9nans).<\/p>\n<p><strong>Si vous \u00eates int\u00e9ress\u00e9s, merci de l&rsquo;indiquer \u00e0 un membre du bureau, discutez-en entre vous pour ceux qui ont la fibre nautique &#8230;. il faut composer une ou deux \u00e9quipes de 5 personnes. Merci de d&rsquo;envoyer la composition de l&rsquo;\u00e9quipe ou des \u00e9quipes avant le 16 octobre.\u00a0<\/strong><\/p>\n<p>Les modalit\u00e9s de financement de l&rsquo;amicale seront discut\u00e9es ensuite par le bureau si une \u00e9quipe se manifeste.<\/p>\n<p>Pour toute information compl\u00e9mentaire\u00a0 sur l\u2019organisation\u00a0 vous pouvez contacter les moussaillons suivants (de Seine-Normandie) :<\/p>\n<ul>\n<li>S\u00e9bastien DERIEUX 01 41 20 19 53\u00a0: <a href=\"mailto:derieux.sebastien@aesn.fr\">derieux.sebastien@aesn.f<\/a><\/li>\n<li>Didier LE CARRE\u00a001 20 41 20 18 50\u00a0: <a href=\"mailto:le_carre.didier@aesn.fr\">le_carre.didier@aesn.fr<\/a><\/li>\n<\/ul>\n<p>&nbsp;<\/p>\n<p><strong>CONSULTEZ LE FLYER ET LE PROGRAMME :<\/strong> <a href=\"http:\/\/www.amicale-aeap.fr\/word\/wp-content\/uploads\/2014\/09\/flyer-gl\u00e9nans-2015.pdf\">FLYER GLENANS 2015<\/a><\/p>\n<p>&nbsp;<\/p>\n<p>&nbsp;<\/p>\n<p>&nbsp;<\/p>\n","protected":false},"excerpt":{"rendered":"<p>\u00ab\u00a0BIENVENUE A BORD\u00a0\u00bb L\u2019Amicale de l\u2019Agence de l\u2019Eau Seine-Normandie nous propose de participer au premier Rallye voile inter agences. Cet \u00e9v\u00e8nement\u00a0 qui s\u2019inscrit dans l\u2019esprit des rencontres inter-Agences est ouvert \u00e0 tous,\u00a0 d\u00e9butants, amateurs et passionn\u00e9s de voile.\u00a0 Il se veut convivial et f\u00e9d\u00e9rateur dans un esprit de d\u00e9couverte avec [&hellip;]<\/p>\n","protected":false},"author":1,"featured_media":4539,"comment_status":"open","ping_status":"closed","sticky":false,"template":"","format":"standard","meta":{"footnotes":""},"categories":[1],"tags":[],"class_list":["post-4537","post","type-post","status-publish","format-standard","has-post-thumbnail","hentry","category-actus"],"_links":{"self":[{"href":"https:\/\/www.amicale-aeap.fr\/word\/wp-json\/wp\/v2\/posts\/4537","targetHints":{"allow":["GET"]}}],"collection":[{"href":"https:\/\/www.amicale-aeap.fr\/word\/wp-json\/wp\/v2\/posts"}],"about":[{"href":"https:\/\/www.amicale-aeap.fr\/word\/wp-json\/wp\/v2\/types\/post"}],"author":[{"embeddable":true,"href":"https:\/\/www.amicale-aeap.fr\/word\/wp-json\/wp\/v2\/users\/1"}],"replies":[{"embeddable":true,"href":"https:\/\/www.amicale-aeap.fr\/word\/wp-json\/wp\/v2\/comments?post=4537"}],"version-history":[{"count":2,"href":"https:\/\/www.amicale-aeap.fr\/word\/wp-json\/wp\/v2\/posts\/4537\/revisions"}],"predecessor-version":[{"id":4541,"href":"https:\/\/www.amicale-aeap.fr\/word\/wp-json\/wp\/v2\/posts\/4537\/revisions\/4541"}],"wp:featuredmedia":[{"embeddable":true,"href":"https:\/\/www.amicale-aeap.fr\/word\/wp-json\/wp\/v2\/media\/4539"}],"wp:attachment":[{"href":"https:\/\/www.amicale-aeap.fr\/word\/wp-json\/wp\/v2\/media?parent=4537"}],"wp:term":[{"taxonomy":"category","embeddable":true,"href":"https:\/\/www.amicale-aeap.fr\/word\/wp-json\/wp\/v2\/categories?post=4537"},{"taxonomy":"post_tag","embeddable":true,"href":"https:\/\/www.amicale-aeap.fr\/word\/wp-json\/wp\/v2\/tags?post=4537"}],"curies":[{"name":"wp","href":"https:\/\/api.w.org\/{rel}","templated":true}]}}