{"id":4527,"date":"2014-09-22T10:30:03","date_gmt":"2014-09-22T09:30:03","guid":{"rendered":"http:\/\/www.amicale-aeap.fr\/word\/?p=4527"},"modified":"2014-09-22T14:03:00","modified_gmt":"2014-09-22T13:03:00","slug":"soutenir-laction-de-lassociation-franco-burkinabe-manej","status":"publish","type":"post","link":"https:\/\/www.amicale-aeap.fr\/word\/2014\/09\/22\/soutenir-laction-de-lassociation-franco-burkinabe-manej\/","title":{"rendered":"Soutenir l&rsquo;action de l&rsquo;association franco-burkinab\u00e9 MANEJ"},"content":{"rendered":"<p>Dans un mois, je pars eu Burkina Faso avec l&rsquo;association MANEJ qui a pour\u00a0pour but d&rsquo;offrir un avenir professionnel \u00e0 des enfants burkinab\u00e8 d\u00e9favoris\u00e9s \u00e0 travers des formations artistiques et artisanales (danse, couture, coiffure&#8230;). Compos\u00e9e de burkinab\u00e9s et de fran\u00e7ais, l&rsquo;association a aussi pour objectif de promouvoir les diff\u00e9rentes cultures de part et d&rsquo;autre de la m\u00e9diterran\u00e9e en r\u00e9alisant des \u00e9changes culturels.<\/p>\n<p>Afin de financer ses activit\u00e9s, l\u2019association souhaite monter un petit commerce qui permettra aux habitants d\u2019acheter des biens \u00e0 des prix accessibles. la moiti\u00e9 des b\u00e9n\u00e9fices ira \u00e0 l\u2019association, l\u2019autre moiti\u00e9 payera le salari\u00e9 qui tiendra le commerce. Pour monter ce commerce, l\u2019association recherche :<\/p>\n<p>&#8211; des habits et chaussures (enfants et adultes),<\/p>\n<p>&#8211; bijoux,<\/p>\n<p>&#8211; t\u00e9l\u00e9phones portables (fonctionnels ou r\u00e9parables),<\/p>\n<p>&#8211; ordinateurs portables (fonctionnels ou r\u00e9parables),<\/p>\n<p>&#8211; lecteurs CD, DVD, MP3 (fonctionnels ou r\u00e9parables),<\/p>\n<p>&#8211; jeux pour enfants,<\/p>\n<p>&#8211; des livres pour adultes et enfants.<\/p>\n<p>J\u2019assure la collecte jusqu\u2019au 10 octobre 2014 afin d\u2019acheminer personnellement ces objets avec Marion Merle, une ancienne stagiaire de l\u2019Agence qui a cr\u00e9\u00e9 l\u2019association avec son mari burkinab\u00e9. Vous pouvez d\u00e9poser vos dons dans mon bureau (C\u00e9cile GALLIAN &#8211; Bureau 112).<\/p>\n<p>Si vous souhaitez en savoir plus n\u2019h\u00e9sitez pas \u00e0 me contacter ou \u00e0 consulter le site de l\u2019association : http:\/\/www.associationmanej.sitew.fr\/#Accueil.B<\/p>\n<p>&nbsp;<\/p>\n<p>C\u00e9cile<\/p>\n","protected":false},"excerpt":{"rendered":"<p>Dans un mois, je pars eu Burkina Faso avec l&rsquo;association MANEJ qui a pour\u00a0pour but d&rsquo;offrir un avenir professionnel \u00e0 des enfants burkinab\u00e8 d\u00e9favoris\u00e9s \u00e0 travers des formations artistiques et artisanales (danse, couture, coiffure&#8230;). Compos\u00e9e de burkinab\u00e9s et de fran\u00e7ais, l&rsquo;association a aussi pour objectif de promouvoir les diff\u00e9rentes cultures [&hellip;]<\/p>\n","protected":false},"author":156,"featured_media":0,"comment_status":"open","ping_status":"closed","sticky":false,"template":"","format":"standard","meta":{"footnotes":""},"categories":[1],"tags":[],"class_list":["post-4527","post","type-post","status-publish","format-standard","hentry","category-actus"],"_links":{"self":[{"href":"https:\/\/www.amicale-aeap.fr\/word\/wp-json\/wp\/v2\/posts\/4527","targetHints":{"allow":["GET"]}}],"collection":[{"href":"https:\/\/www.amicale-aeap.fr\/word\/wp-json\/wp\/v2\/posts"}],"about":[{"href":"https:\/\/www.amicale-aeap.fr\/word\/wp-json\/wp\/v2\/types\/post"}],"author":[{"embeddable":true,"href":"https:\/\/www.amicale-aeap.fr\/word\/wp-json\/wp\/v2\/users\/156"}],"replies":[{"embeddable":true,"href":"https:\/\/www.amicale-aeap.fr\/word\/wp-json\/wp\/v2\/comments?post=4527"}],"version-history":[{"count":4,"href":"https:\/\/www.amicale-aeap.fr\/word\/wp-json\/wp\/v2\/posts\/4527\/revisions"}],"predecessor-version":[{"id":4535,"href":"https:\/\/www.amicale-aeap.fr\/word\/wp-json\/wp\/v2\/posts\/4527\/revisions\/4535"}],"wp:attachment":[{"href":"https:\/\/www.amicale-aeap.fr\/word\/wp-json\/wp\/v2\/media?parent=4527"}],"wp:term":[{"taxonomy":"category","embeddable":true,"href":"https:\/\/www.amicale-aeap.fr\/word\/wp-json\/wp\/v2\/categories?post=4527"},{"taxonomy":"post_tag","embeddable":true,"href":"https:\/\/www.amicale-aeap.fr\/word\/wp-json\/wp\/v2\/tags?post=4527"}],"curies":[{"name":"wp","href":"https:\/\/api.w.org\/{rel}","templated":true}]}}