{"id":4517,"date":"2014-09-18T18:31:34","date_gmt":"2014-09-18T17:31:34","guid":{"rendered":"http:\/\/www.amicale-aeap.fr\/word\/?p=4517"},"modified":"2014-09-18T12:46:39","modified_gmt":"2014-09-18T11:46:39","slug":"de-retour-dauvergne-en-route-pour-ambleteuse","status":"publish","type":"post","link":"https:\/\/www.amicale-aeap.fr\/word\/2014\/09\/18\/de-retour-dauvergne-en-route-pour-ambleteuse\/","title":{"rendered":"De retour d&rsquo;Auvergne &#8230; en route pour Ambleteuse !"},"content":{"rendered":"<p style=\"text-align: center;\"><strong>Nous part\u00eemes Onze et rev\u00eenmes Onze, sans bobo et sans &#8230;. rateau !!<\/strong><\/p>\n<p>Un grand merci aux participants de Artois-Picardie pour ces RIA en Auvergne dans la bonne humeur et l&rsquo;orangeade.Un triple hourra pour Loire-Bretagne qui a relev\u00e9 deux d\u00e9fis : l&rsquo;organisation, magistralement men\u00e9e (une fois le poulet ros\u00e9 et la tarte congel\u00e9e \u00e9vacu\u00e9e), le triple r\u00e2teau, magistralement emport\u00e9 pour la troisi\u00e8me ann\u00e9e.<\/p>\n<p style=\"text-align: center;\">Et f\u00e9licitations Adour-Garonne pour un bouclier m\u00e9rit\u00e9 avec le sourire !!<\/p>\n<p><img loading=\"lazy\" decoding=\"async\" class=\"aligncenter wp-image-4518 size-large\" src=\"http:\/\/www.amicale-aeap.fr\/word\/wp-content\/uploads\/2014\/09\/RIA-1024x541.jpg\" alt=\"RIA\" width=\"550\" height=\"290\" srcset=\"https:\/\/www.amicale-aeap.fr\/word\/wp-content\/uploads\/2014\/09\/RIA-1024x541.jpg 1024w, https:\/\/www.amicale-aeap.fr\/word\/wp-content\/uploads\/2014\/09\/RIA-300x158.jpg 300w\" sizes=\"auto, (max-width: 550px) 100vw, 550px\" \/><\/p>\n<p>Il a fait beau, nous avons pass\u00e9 de super moments au bord de l&rsquo;eau, toutes agences m\u00e9lang\u00e9es, comme la photo de famille le prouve. C&rsquo;\u00e9tait bien chouette.<\/p>\n<p>Et maintenant, c&rsquo;est le d\u00e9but de la course \u00e0 la montre &#8230; pour 2015. Certains atteindront le bon \u00e9tat, chez nous ce sera les RIA.<\/p>\n<p><strong>Premi\u00e8re action collective :<\/strong> envahir la page Facebook des RIA de \u00ab\u00a0blancs\u00a0\u00bb : \u00e7a y discute beaucoup, il y a de la jeunesse dans les \u00e9quipes et cela se ressent dans les moyens de communication. Donc si vous avez un compte Facebook, venez grossir le groupe ! Vous y trouverez des photos des RIA, des commentaires, des gens sympas qui font monter la pression pour l&rsquo;ann\u00e9e prochaine d\u00e9j\u00e0 : <a href=\"https:\/\/www.facebook.com\/groups\/232993823461082\/\">c&rsquo;est par l\u00e0 : page Facebook des RIA.<\/a><\/p>\n<p><strong>Deuxi\u00e8me action collective :<\/strong> je vous propose une grande r\u00e9union <strong>le 30 septembre espace Somme \u00e0 13h<\/strong>. On y pr\u00e9sentera le site, le projet, o\u00f9 on en est. On prendra en note toutes les id\u00e9es, les bonnes volont\u00e9s, ceux qui veulent participer un peu, beaucoup, le jour J, ou d\u00e8s maintenant &#8230;.. On coupera l&rsquo;organisation en commissions, en t\u00e2ches, en actions, &#8230;.<\/p>\n<p style=\"text-align: center;\"><strong>Pour que tout le monde soit l\u00e0 et participe\/organise dans la joie <\/strong><\/p>\n<p style=\"text-align: center;\"><strong>les 5, 6 et 7 juin 2015 \u00e0 Ambleteuse<\/strong><\/p>\n<p style=\"text-align: center;\"><strong>au bout du monde \ud83d\ude42<\/strong><\/p>\n<p style=\"text-align: center;\">\n<p style=\"text-align: center;\"><em>PS : marquez d\u00e9j\u00e0 la date dans vos agendas !!<\/em><\/p>\n<p>&nbsp;<\/p>\n<p>&nbsp;<\/p>\n<p>&nbsp;<\/p>\n","protected":false},"excerpt":{"rendered":"<p>Nous part\u00eemes Onze et rev\u00eenmes Onze, sans bobo et sans &#8230;. rateau !! Un grand merci aux participants de Artois-Picardie pour ces RIA en Auvergne dans la bonne humeur et l&rsquo;orangeade.Un triple hourra pour Loire-Bretagne qui a relev\u00e9 deux d\u00e9fis : l&rsquo;organisation, magistralement men\u00e9e (une fois le poulet ros\u00e9 et [&hellip;]<\/p>\n","protected":false},"author":1,"featured_media":4518,"comment_status":"open","ping_status":"closed","sticky":false,"template":"","format":"standard","meta":{"footnotes":""},"categories":[1],"tags":[],"class_list":["post-4517","post","type-post","status-publish","format-standard","has-post-thumbnail","hentry","category-actus"],"_links":{"self":[{"href":"https:\/\/www.amicale-aeap.fr\/word\/wp-json\/wp\/v2\/posts\/4517","targetHints":{"allow":["GET"]}}],"collection":[{"href":"https:\/\/www.amicale-aeap.fr\/word\/wp-json\/wp\/v2\/posts"}],"about":[{"href":"https:\/\/www.amicale-aeap.fr\/word\/wp-json\/wp\/v2\/types\/post"}],"author":[{"embeddable":true,"href":"https:\/\/www.amicale-aeap.fr\/word\/wp-json\/wp\/v2\/users\/1"}],"replies":[{"embeddable":true,"href":"https:\/\/www.amicale-aeap.fr\/word\/wp-json\/wp\/v2\/comments?post=4517"}],"version-history":[{"count":2,"href":"https:\/\/www.amicale-aeap.fr\/word\/wp-json\/wp\/v2\/posts\/4517\/revisions"}],"predecessor-version":[{"id":4520,"href":"https:\/\/www.amicale-aeap.fr\/word\/wp-json\/wp\/v2\/posts\/4517\/revisions\/4520"}],"wp:featuredmedia":[{"embeddable":true,"href":"https:\/\/www.amicale-aeap.fr\/word\/wp-json\/wp\/v2\/media\/4518"}],"wp:attachment":[{"href":"https:\/\/www.amicale-aeap.fr\/word\/wp-json\/wp\/v2\/media?parent=4517"}],"wp:term":[{"taxonomy":"category","embeddable":true,"href":"https:\/\/www.amicale-aeap.fr\/word\/wp-json\/wp\/v2\/categories?post=4517"},{"taxonomy":"post_tag","embeddable":true,"href":"https:\/\/www.amicale-aeap.fr\/word\/wp-json\/wp\/v2\/tags?post=4517"}],"curies":[{"name":"wp","href":"https:\/\/api.w.org\/{rel}","templated":true}]}}