{"id":4473,"date":"2014-09-01T18:26:50","date_gmt":"2014-09-01T17:26:50","guid":{"rendered":"http:\/\/www.amicale-aeap.fr\/word\/?p=4473"},"modified":"2014-09-01T11:47:47","modified_gmt":"2014-09-01T10:47:47","slug":"la-rentree-des-activites-de-lamicale","status":"publish","type":"post","link":"https:\/\/www.amicale-aeap.fr\/word\/2014\/09\/01\/la-rentree-des-activites-de-lamicale\/","title":{"rendered":"La rentr\u00e9e des activit\u00e9s de l&rsquo;amicale"},"content":{"rendered":"<h2>Inscriptions aux activit\u00e9s de l&rsquo;amicale<\/h2>\n<p>C&rsquo;est la rentr\u00e9e aussi pour les activit\u00e9s r\u00e9guli\u00e8res de l&rsquo;amicale. Cette ann\u00e9e, nous uniformisons toutes les activit\u00e9s sur le m\u00eame principe : une inscription \u00e0 l&rsquo;ann\u00e9e pour l&rsquo;activit\u00e9, un r\u00e9f\u00e9rent par activit\u00e9, un tarif par activit\u00e9.<\/p>\n<p>Certains tarifs ont augment\u00e9, pour une uniformisation des activit\u00e9s, mais les tarifs restent ultra-comp\u00e9titifs quand m\u00eame.<\/p>\n<p><span style=\"color: #3366ff;\"><strong>Une nouveaut\u00e9 au tableau : la marche nordique ! Deux s\u00e9ances d&rsquo;essai gratuites vous sont propos\u00e9es les lundi 15 et 22 septembre. Si l&rsquo;essai est concluant, nous maintiendrons l&rsquo;activit\u00e9 toute l&rsquo;ann\u00e9e.<\/strong><\/span><\/p>\n<p><span style=\"color: #3366ff;\">Et toujours les activit\u00e9s que vous aimez !<\/span><\/p>\n<p>&nbsp;<\/p>\n<p>Voici le programme de vos activit\u00e9s pour la saison septembre 2014 &#8211; juin 2015 :<\/p>\n<table>\n<tbody>\n<tr>\n<td width=\"121\"><strong>Activit\u00e9<\/strong><\/td>\n<td width=\"142\"><strong>Fr\u00e9quence<\/strong><\/td>\n<td width=\"189\"><strong>R\u00e9f\u00e9rent<\/strong><\/td>\n<td width=\"76\"><strong>Lieu<\/strong><\/td>\n<td width=\"87\"><strong>Tarif annuel<\/strong><\/td>\n<\/tr>\n<tr>\n<td width=\"121\">Gymnastique sportive<\/td>\n<td width=\"142\">le lundi de 12h45 \u00e0 13h45<\/td>\n<td width=\"189\">B\u00e9atrice bureau 517<\/td>\n<td width=\"76\">Douai<\/td>\n<td width=\"87\">40 \u20ac<\/td>\n<\/tr>\n<tr>\n<td width=\"121\">Gymnastique douce<\/td>\n<td width=\"142\">le vendredi de 12h45 \u00e0 13h45<\/td>\n<td width=\"189\">Krystina bureau 502<\/td>\n<td width=\"76\">Douai<\/td>\n<td width=\"87\">40 \u20ac<\/td>\n<\/tr>\n<tr>\n<td width=\"121\">Pilates<\/td>\n<td width=\"142\">\u00a0une fois par semaine<\/td>\n<td width=\"189\">S\u00e9verine<\/td>\n<td width=\"76\">Amiens<\/td>\n<td width=\"87\">40 \u20ac<\/td>\n<\/tr>\n<tr>\n<td width=\"121\">Peinture<\/td>\n<td width=\"142\">le mardi de 17h \u00e0 19h<\/td>\n<td width=\"189\">Anne bureau 18<\/td>\n<td width=\"76\">Douai<\/td>\n<td width=\"87\">120 \u20ac<\/td>\n<\/tr>\n<tr>\n<td width=\"121\">Footsal<\/td>\n<td width=\"142\">Une fois par mois<\/td>\n<td width=\"189\">Sylvain bureau 510<\/td>\n<td width=\"76\">Douai<\/td>\n<td width=\"87\">15 \u20ac<\/td>\n<\/tr>\n<tr>\n<td width=\"121\">Marche nordique (si essai concluant)<\/td>\n<td width=\"142\">le lundi midi<\/td>\n<td width=\"189\">C\u00e9cile bureau 112<\/td>\n<td width=\"76\">Douai<\/td>\n<td width=\"87\">40 \u20ac<\/td>\n<\/tr>\n<\/tbody>\n<\/table>\n<p>Pour vous inscrire \u00e0 une activit\u00e9, rapprochez-vous du r\u00e9f\u00e9rent de l&rsquo;activit\u00e9, qui tiendra un tableau de suivi des inscriptions. Pour \u00e9conomiser les impressions et sauver la plan\u00e8te, nous n&rsquo;avons pas pr\u00e9vu de bulletin d&rsquo;inscription, le tableau de suivi suffira.<\/p>\n<p>&nbsp;<\/p>\n<h2>ZOOM sur la marche nordique : nouvelle activit\u00e9 de l&rsquo;amicale !<\/h2>\n<p>L&rsquo;amicale propose une nouvelle activit\u00e9 :<strong> marche nordique<\/strong> qui aurait lieu une fois par semaine tout au long de l\u2019ann\u00e9e.Des s\u00e9ances de 1H30 le lundi midi au d\u00e9part de l\u2019Agence. Le coach s\u2019appelle Yann SOUFFOIS. Sn site Internet de r\u00e9f\u00e9rence est le suivant\u00a0: <a href=\"http:\/\/www.actipas.fr\/\">http:\/\/www.actipas.fr\/<\/a><\/p>\n<p><strong>Inscrivez-vous aupr\u00e8s de C\u00e9cile jusqu&rsquo;au 8 septembre pour les deux s\u00e9ances d&rsquo;essai gratuites !! Si nous avons assez de personnes int\u00e9ress\u00e9es et que les cours se passent bien, nous lancerons cette activit\u00e9 sur toute l&rsquo;ann\u00e9e !<\/strong><\/p>\n<p>S\u00e9ances d&rsquo;essai les lundi 15 et 22 septembre, RDV 12h15 devant l&rsquo;agence, en tenue de sport avec chaussures de marche. Voir C\u00e9cile pour tous renseignements.<\/p>\n<p>&nbsp;<\/p>\n<p><strong>Quelques mots sur la marche nordique ?<\/strong><\/p>\n<blockquote><p>La marche nordique est une conception de la marche plus active.<\/p><\/blockquote>\n<p>Le principe de la marche est tr\u00e8s simple :\u00a0il suffit de balancer naturellement les bras pendant la marche et de se propulser vers l\u2019avant gr\u00e2ce \u00e0 l\u2019appui des 2 b\u00e2tons. \u00c0\u00a0la diff\u00e9rence de la marche traditionnelle, tout le haut du corps est mis \u00e0 contribution et non seulement les membres inf\u00e9rieurs.<\/p>\n<p>La <strong>marche nordique<\/strong> permet une d\u00e9pense \u00e9nerg\u00e9tique accrue. Le rythme de marche est sup\u00e9rieur de 0,5 \u00e0 1km\/h par rapport \u00e0 la marche traditionnelle et la fatigue se fait moins ressentir !\u00a0C\u2019est \u00e9galement un plaisir de d\u00e9couvrir cette activit\u00e9 car elle est facile d\u2019apprentissage. D\u00e8s les premiers mouvements, on peut sentir les bienfaits de cette marche.<\/p>\n<p><strong>\u00a0D\u00e9roulement d\u2019une s\u00e9ance<\/strong><\/p>\n<p>La s\u00e9ance dure environ 1h30 en fonction du circuit et de la vitesse du groupe. Elle comprend une phase d&rsquo;\u00e9chauffement, des exercices d&rsquo;apprentissage de la technique notamment sur les 1\u00e8res s\u00e9ances, la marche en tant que telle et des \u00e9tirements en fin de s\u00e9ance. En fonction du groupe le coach rajoute des exercices de renforcement musculaire ou des exercices cardio-respiratoires.<\/p>\n<p><strong>Mat\u00e9riel n\u00e9cessaire<\/strong><\/p>\n<p>Le coach pr\u00eate des b\u00e2tons mais les personnes qui en ont peuvent prendre les leurs. Il est n\u00e9cessaire d&rsquo;avoir des chaussures basses, l\u00e9g\u00e8res et crant\u00e9es de type course \u00e0 pied ou trail. Au niveau des v\u00eatements, il faut des v\u00eatements de sport. Il est \u00e9galement important d&#8217;emmener une petite bouteille d&rsquo;eau.<\/p>\n<p><strong>\u00a0Bienfaits de la marche nordique\u00a0: <\/strong><\/p>\n<ul>\n<li>La marche nordique tonifie 90% des muscles du corps.<\/li>\n<\/ul>\n<p>A la diff\u00e9rence de la marche et de la course \u00e0 pied qui exploitent principalement les membres inf\u00e9rieurs, la marche nordique favorise le d\u00e9veloppement musculaire du haut du corps.\u2028Les abdominaux, les triceps, les pectoraux et les dorsaux se trouvent autant sollicit\u00e9s que les fessiers, cuisses et fessiers.<\/p>\n<p>Activit\u00e9-sant\u00e9 tr\u00e8s compl\u00e8te, elle permet de d\u00e9velopper l&rsquo;ensemble du corps sans forcer.<\/p>\n<ul>\n<li>La marche nordique permet de d\u00e9velopper ses capacit\u00e9s respiratoires<\/li>\n<\/ul>\n<p>La marche nordique permet l&rsquo;ouverture de la cage thoracique (oxyg\u00e9nation sup\u00e9rieure de 60% par rapport \u00e0 une marche traditionnelle). La marche nordique permet de mieux respirer gr\u00e2ce \u00e0 une amplitude pulmonaire accrue. \u2028D&rsquo;un point de vue cardio-vasculaire, la marche nordique \u00e9quivaut \u00e0 un effort de type footing l\u00e9ger.<\/p>\n<ul>\n<li>La marche nordique participe \u00e0 l&rsquo;amincissement<\/li>\n<\/ul>\n<p>En utilisant un maximum de cha\u00eenes musculaires et articulaires, la marche nordique permet une d\u00e9pense \u00e9nerg\u00e9tique accrue par rapport \u00e0 la marche traditionnelle. \u2028C&rsquo;est une activit\u00e9-sant\u00e9 qui se situe dans une tranche id\u00e9ale pour br\u00fbler les graisses car elle correspond \u00e0 une intensit\u00e9 cardiaque comprise entre 60 et 80% de la fr\u00e9quence cardiaque maximale.<\/p>\n<ul>\n<li>Les os se fortifient gr\u00e2ce \u00e0 la marche nordique<\/li>\n<\/ul>\n<p>Les os sont soumis \u00e0 des vibrations qui facilitent leur renforcement. En effet, l&rsquo;utilisation de b\u00e2tons compos\u00e9s de 50% de fibres de carbone minimum assure un optimum de vibrations sans risque pour les articulations. La marche nordique est un moyen efficace de pr\u00e9venir et de ralentir l&rsquo;\u00e9volution de l&rsquo;ost\u00e9oporose.<\/p>\n<p><strong>\u00a0<\/strong><\/p>\n<p>&nbsp;<\/p>\n","protected":false},"excerpt":{"rendered":"<p>Inscriptions aux activit\u00e9s de l&rsquo;amicale C&rsquo;est la rentr\u00e9e aussi pour les activit\u00e9s r\u00e9guli\u00e8res de l&rsquo;amicale. Cette ann\u00e9e, nous uniformisons toutes les activit\u00e9s sur le m\u00eame principe : une inscription \u00e0 l&rsquo;ann\u00e9e pour l&rsquo;activit\u00e9, un r\u00e9f\u00e9rent par activit\u00e9, un tarif par activit\u00e9. Certains tarifs ont augment\u00e9, pour une uniformisation des activit\u00e9s, [&hellip;]<\/p>\n","protected":false},"author":1,"featured_media":4483,"comment_status":"open","ping_status":"closed","sticky":false,"template":"","format":"standard","meta":{"footnotes":""},"categories":[1],"tags":[],"class_list":["post-4473","post","type-post","status-publish","format-standard","has-post-thumbnail","hentry","category-actus"],"_links":{"self":[{"href":"https:\/\/www.amicale-aeap.fr\/word\/wp-json\/wp\/v2\/posts\/4473","targetHints":{"allow":["GET"]}}],"collection":[{"href":"https:\/\/www.amicale-aeap.fr\/word\/wp-json\/wp\/v2\/posts"}],"about":[{"href":"https:\/\/www.amicale-aeap.fr\/word\/wp-json\/wp\/v2\/types\/post"}],"author":[{"embeddable":true,"href":"https:\/\/www.amicale-aeap.fr\/word\/wp-json\/wp\/v2\/users\/1"}],"replies":[{"embeddable":true,"href":"https:\/\/www.amicale-aeap.fr\/word\/wp-json\/wp\/v2\/comments?post=4473"}],"version-history":[{"count":7,"href":"https:\/\/www.amicale-aeap.fr\/word\/wp-json\/wp\/v2\/posts\/4473\/revisions"}],"predecessor-version":[{"id":4486,"href":"https:\/\/www.amicale-aeap.fr\/word\/wp-json\/wp\/v2\/posts\/4473\/revisions\/4486"}],"wp:featuredmedia":[{"embeddable":true,"href":"https:\/\/www.amicale-aeap.fr\/word\/wp-json\/wp\/v2\/media\/4483"}],"wp:attachment":[{"href":"https:\/\/www.amicale-aeap.fr\/word\/wp-json\/wp\/v2\/media?parent=4473"}],"wp:term":[{"taxonomy":"category","embeddable":true,"href":"https:\/\/www.amicale-aeap.fr\/word\/wp-json\/wp\/v2\/categories?post=4473"},{"taxonomy":"post_tag","embeddable":true,"href":"https:\/\/www.amicale-aeap.fr\/word\/wp-json\/wp\/v2\/tags?post=4473"}],"curies":[{"name":"wp","href":"https:\/\/api.w.org\/{rel}","templated":true}]}}