{"id":4469,"date":"2014-08-27T16:11:48","date_gmt":"2014-08-27T15:11:48","guid":{"rendered":"http:\/\/www.amicale-aeap.fr\/word\/?p=4469"},"modified":"2014-08-27T16:11:48","modified_gmt":"2014-08-27T15:11:48","slug":"appel-aux-last-minute","status":"publish","type":"post","link":"https:\/\/www.amicale-aeap.fr\/word\/2014\/08\/27\/appel-aux-last-minute\/","title":{"rendered":"Appel aux last-minute !"},"content":{"rendered":"<p>Bonjour \u00e0 tous,<\/p>\n<p><strong>Tout d&rsquo;abord, le bureau vous souhaite \u00e0 tous une bonne rentr\u00e9e 2014. En esp\u00e9rant que le soleil brille sur le mois de septembre et mette un peu d&rsquo;UV dans nos coeurs !<\/strong><\/p>\n<p>Donc pour information :<\/p>\n<ul>\n<li>Vous pouvez encore vous inscrire au <strong>SKI<\/strong> jusqu&rsquo;au 10\/09, si jamais vous aviez des regrets, nous avons quelques places disponibles.<\/li>\n<li>Vous pouvez aussi vous inscrire au<strong> voyage \u00e0 La R\u00e9union<\/strong>, avant qu&rsquo;on ne finalise la commande d\u00e9finitive aupr\u00e8s du tour operator.<\/li>\n<li>Vous pouvez aussi vous inscrire \u00e0 la <strong>Journ\u00e9e Eco-Citoyenne<\/strong> sur les terrains de l&rsquo;agence, avec animation p\u00e9dagogique autour de la nature organis\u00e9e par notre animatrice de choc !<\/li>\n<li>Et il nous reste 1 place pour les RIA du 12 au 14 septembre, si jamais vous aviez un regret.<\/li>\n<\/ul>\n<p><strong>Le bureau se r\u00e9unit vendredi, si vous avez des propositions \u00e0 nous faire, c&rsquo;est le bon moment !!<\/strong><\/p>\n<p>D\u00e8s la semaine prochaine, une fois les tarifs 2014 fix\u00e9s, les inscriptions pour les activit\u00e9s annuelles reprendront, et les cours avec.<\/p>\n<p>Et n&rsquo;oubliez pas de passer voir <span style=\"text-decoration: underline;\"><strong>la bo\u00eete \u00e0 lire<\/strong> <\/span>dans la salle d\u00e9tente : dans ce petit meuble gris, vous pouvez d\u00e9poser les livres que vous souhaitez partager, prendre ceux qui sont l\u00e0, voire m\u00eame les y remettre avec un petit mot avec votre avis sur le livre ! Seuls les livres en bon \u00e9tat sont accept\u00e9s, bien s\u00fbr.<\/p>\n<p>Bonne rentr\u00e9e !<\/p>\n<p>Le bureau.<\/p>\n<p>&nbsp;<\/p>\n<p>&nbsp;<\/p>\n","protected":false},"excerpt":{"rendered":"<p>Bonjour \u00e0 tous, Tout d&rsquo;abord, le bureau vous souhaite \u00e0 tous une bonne rentr\u00e9e 2014. En esp\u00e9rant que le soleil brille sur le mois de septembre et mette un peu d&rsquo;UV dans nos coeurs ! Donc pour information : Vous pouvez encore vous inscrire au SKI jusqu&rsquo;au 10\/09, si jamais [&hellip;]<\/p>\n","protected":false},"author":1,"featured_media":0,"comment_status":"open","ping_status":"closed","sticky":false,"template":"","format":"standard","meta":{"footnotes":""},"categories":[1],"tags":[],"class_list":["post-4469","post","type-post","status-publish","format-standard","hentry","category-actus"],"_links":{"self":[{"href":"https:\/\/www.amicale-aeap.fr\/word\/wp-json\/wp\/v2\/posts\/4469","targetHints":{"allow":["GET"]}}],"collection":[{"href":"https:\/\/www.amicale-aeap.fr\/word\/wp-json\/wp\/v2\/posts"}],"about":[{"href":"https:\/\/www.amicale-aeap.fr\/word\/wp-json\/wp\/v2\/types\/post"}],"author":[{"embeddable":true,"href":"https:\/\/www.amicale-aeap.fr\/word\/wp-json\/wp\/v2\/users\/1"}],"replies":[{"embeddable":true,"href":"https:\/\/www.amicale-aeap.fr\/word\/wp-json\/wp\/v2\/comments?post=4469"}],"version-history":[{"count":1,"href":"https:\/\/www.amicale-aeap.fr\/word\/wp-json\/wp\/v2\/posts\/4469\/revisions"}],"predecessor-version":[{"id":4470,"href":"https:\/\/www.amicale-aeap.fr\/word\/wp-json\/wp\/v2\/posts\/4469\/revisions\/4470"}],"wp:attachment":[{"href":"https:\/\/www.amicale-aeap.fr\/word\/wp-json\/wp\/v2\/media?parent=4469"}],"wp:term":[{"taxonomy":"category","embeddable":true,"href":"https:\/\/www.amicale-aeap.fr\/word\/wp-json\/wp\/v2\/categories?post=4469"},{"taxonomy":"post_tag","embeddable":true,"href":"https:\/\/www.amicale-aeap.fr\/word\/wp-json\/wp\/v2\/tags?post=4469"}],"curies":[{"name":"wp","href":"https:\/\/api.w.org\/{rel}","templated":true}]}}