{"id":4455,"date":"2014-07-28T09:41:56","date_gmt":"2014-07-28T08:41:56","guid":{"rendered":"http:\/\/www.amicale-aeap.fr\/word\/?p=4455"},"modified":"2014-07-28T09:43:01","modified_gmt":"2014-07-28T08:43:01","slug":"journee-eco-citoyenne-dans-la-nature-le-28-septembre","status":"publish","type":"post","link":"https:\/\/www.amicale-aeap.fr\/word\/2014\/07\/28\/journee-eco-citoyenne-dans-la-nature-le-28-septembre\/","title":{"rendered":"Journ\u00e9e \u00e9co-citoyenne &#038; dans la nature le 28 septembre"},"content":{"rendered":"<p>L\u2019Amicale propose \u00e0 ses adh\u00e9rents de participer en famille \u00e0 une journ\u00e9e \u00e9co-citoyenne le\u00a0:<\/p>\n<p style=\"text-align: center;\"><strong>Dimanche 28 septembre 2014 de 10 \u00e0 17 heures<\/strong><\/p>\n<p style=\"text-align: center;\"><strong>\u00e0 Escaudoeuvres <em>(propri\u00e9t\u00e9 de l\u2019Agence)<\/em><\/strong><\/p>\n<p style=\"text-align: center;\"><img loading=\"lazy\" decoding=\"async\" class=\"alignnone\" src=\"http:\/\/www.mouvement-leclerc.com\/uploads\/Image\/70\/image\/display_7a4f1bf621ae69eaf03c71d1935985f0dc0fa179.jpg\" alt=\"\" width=\"960\" height=\"238\" \/><\/p>\n<p>\u00a0Le programme de la journ\u00e9e est le suivant\u00a0:<\/p>\n<ul>\n<li><strong>Matin\u00a0: <\/strong><em><strong><span style=\"color: #003300;\">Op\u00e9ration \u00ab\u00a0Nettoyons la nature\u00a0\u00bb<\/span><\/strong> (op\u00e9ration nationale de collecte de d\u00e9chets en partenariat avec l\u2019enseigne E.LECLERC)<\/em><\/li>\n<li><strong>Apr\u00e8s-midi\u00a0: <\/strong><em><strong><span style=\"color: #003300;\">Activit\u00e9s ludiques de sensibilisation \u00e0 la gestion de l\u2019environnement et au d\u00e9veloppement durable<\/span> <\/strong>(adapt\u00e9es au nombre et \u00e0 l\u2019\u00e2ge des participants).<\/em><\/li>\n<\/ul>\n<p>Cette activit\u00e9 est <strong>gratuite<\/strong>\u00a0; il est juste demand\u00e9 aux participants de se rendre \u00e0 Escaudoeuvres par leurs propres moyens (covoiturage possible et souhait\u00e9 dans l\u2019esprit de la journ\u00e9e !) et d\u2019apporter le pique-nique pour partager un moment convivial.<\/p>\n<p><strong>L\u2019inscription est obligatoire<\/strong> pour une bonne organisation de la journ\u00e9e.<\/p>\n<p>Se rapprocher de Nathalie (9638, mail) ou M\u00e9lina pour l\u2019inscription ainsi que pour tous renseignements. Les modalit\u00e9s pratiques vous seront communiqu\u00e9es courant Septembre. <strong>Vous pouvez aussi vous inscrire en laissant un commentaire ci-dessous (si vous \u00eates en vacances, sans imprimante, loin de l&rsquo;agence, par exemple). Nous vous demandons de vous inscrire <span style=\"color: #ff0000;\">avant le 8 ao\u00fbt<\/span> pour pouvoir organiser au mieux la journ\u00e9e avec Leclerc. <\/strong><\/p>\n<p>Un minimum de 20 participants est n\u00e9cessaire pour maintenir cette journ\u00e9e.<\/p>\n<p style=\"text-align: center;\"><em>\u00a0On vous attend nombreux\u00a0!<\/em><\/p>\n<p style=\"text-align: left;\"><a href=\"http:\/\/www.amicale-aeap.fr\/word\/wp-content\/uploads\/2014\/07\/bulletin_journee_eco.pdf\">Bulletin d&rsquo;inscription : bulletin_journee_eco<\/a><\/p>\n<p style=\"text-align: left;\">Ca se passe l\u00e0 :<\/p>\n<p><iframe loading=\"lazy\" style=\"border: 0;\" src=\"https:\/\/www.google.com\/maps\/embed?pb=!1m18!1m12!1m3!1d2554.6181211997236!2d3.2495809999999987!3d50.18697599999998!2m3!1f0!2f0!3f0!3m2!1i1024!2i768!4f13.1!3m3!1m2!1s0x47c2bc7a3c1915a7%3A0xa38c907b74ae726c!2s2+Chemin+de+la+Borne+%C3%A0+l'Aigle%2C+59400+Escaud%C5%93uvres!5e0!3m2!1sfr!2sfr!4v1406536481870\" width=\"600\" height=\"450\" frameborder=\"0\"><\/iframe><\/p>\n<p style=\"text-align: left;\">\n","protected":false},"excerpt":{"rendered":"<p>L\u2019Amicale propose \u00e0 ses adh\u00e9rents de participer en famille \u00e0 une journ\u00e9e \u00e9co-citoyenne le\u00a0: Dimanche 28 septembre 2014 de 10 \u00e0 17 heures \u00e0 Escaudoeuvres (propri\u00e9t\u00e9 de l\u2019Agence) \u00a0Le programme de la journ\u00e9e est le suivant\u00a0: Matin\u00a0: Op\u00e9ration \u00ab\u00a0Nettoyons la nature\u00a0\u00bb (op\u00e9ration nationale de collecte de d\u00e9chets en partenariat avec [&hellip;]<\/p>\n","protected":false},"author":1,"featured_media":4442,"comment_status":"open","ping_status":"closed","sticky":false,"template":"","format":"standard","meta":{"footnotes":""},"categories":[1],"tags":[],"class_list":["post-4455","post","type-post","status-publish","format-standard","has-post-thumbnail","hentry","category-actus"],"_links":{"self":[{"href":"https:\/\/www.amicale-aeap.fr\/word\/wp-json\/wp\/v2\/posts\/4455","targetHints":{"allow":["GET"]}}],"collection":[{"href":"https:\/\/www.amicale-aeap.fr\/word\/wp-json\/wp\/v2\/posts"}],"about":[{"href":"https:\/\/www.amicale-aeap.fr\/word\/wp-json\/wp\/v2\/types\/post"}],"author":[{"embeddable":true,"href":"https:\/\/www.amicale-aeap.fr\/word\/wp-json\/wp\/v2\/users\/1"}],"replies":[{"embeddable":true,"href":"https:\/\/www.amicale-aeap.fr\/word\/wp-json\/wp\/v2\/comments?post=4455"}],"version-history":[{"count":4,"href":"https:\/\/www.amicale-aeap.fr\/word\/wp-json\/wp\/v2\/posts\/4455\/revisions"}],"predecessor-version":[{"id":4460,"href":"https:\/\/www.amicale-aeap.fr\/word\/wp-json\/wp\/v2\/posts\/4455\/revisions\/4460"}],"wp:featuredmedia":[{"embeddable":true,"href":"https:\/\/www.amicale-aeap.fr\/word\/wp-json\/wp\/v2\/media\/4442"}],"wp:attachment":[{"href":"https:\/\/www.amicale-aeap.fr\/word\/wp-json\/wp\/v2\/media?parent=4455"}],"wp:term":[{"taxonomy":"category","embeddable":true,"href":"https:\/\/www.amicale-aeap.fr\/word\/wp-json\/wp\/v2\/categories?post=4455"},{"taxonomy":"post_tag","embeddable":true,"href":"https:\/\/www.amicale-aeap.fr\/word\/wp-json\/wp\/v2\/tags?post=4455"}],"curies":[{"name":"wp","href":"https:\/\/api.w.org\/{rel}","templated":true}]}}