{"id":4441,"date":"2014-06-26T18:02:43","date_gmt":"2014-06-26T17:02:43","guid":{"rendered":"http:\/\/www.amicale-aeap.fr\/word\/?p=4441"},"modified":"2014-06-24T15:34:11","modified_gmt":"2014-06-24T14:34:11","slug":"invitation-a-linauguration-de-la-salle-detente-le-3-juillet","status":"publish","type":"post","link":"https:\/\/www.amicale-aeap.fr\/word\/2014\/06\/26\/invitation-a-linauguration-de-la-salle-detente-le-3-juillet\/","title":{"rendered":"Invitation \u00e0 l&rsquo;inauguration de la salle d\u00e9tente le 3 juillet"},"content":{"rendered":"<p style=\"text-align: center;\">L&rsquo;op\u00e9ration D&amp;CO de la salle d\u00e9tente se termine &#8230;.<\/p>\n<h2 style=\"text-align: center;\"><strong>L&rsquo;amicale vous invite \u00e0 l&rsquo;inauguration de la salle d\u00e9tente.\u00a0<\/strong><\/h2>\n<p style=\"text-align: center;\">en pr\u00e9sence de Mr Thibault<\/p>\n<p style=\"text-align: center;\"><strong>le jeudi 3 juillet \u00e0 15h00<\/strong><\/p>\n<p style=\"text-align: center;\"><em>Go\u00fbter \u00ab\u00a0aux saveurs du monde\u00a0\u00bb &amp; jus de pommes local \u00e0 d\u00e9guster !<\/em><\/p>\n<p style=\"text-align: center;\">Venez nombreux, avec votre plus grand sourire, pour une derni\u00e8re occasion de se r\u00e9unir avant les cong\u00e9s d&rsquo;\u00e9t\u00e9 !<\/p>\n<p style=\"text-align: center;\"><a href=\"http:\/\/www.amicale-aeap.fr\/word\/wp-content\/uploads\/2014\/06\/soleil.jpg\"><img loading=\"lazy\" decoding=\"async\" class=\"aligncenter size-full wp-image-4442\" src=\"http:\/\/www.amicale-aeap.fr\/word\/wp-content\/uploads\/2014\/06\/soleil.jpg\" alt=\"soleil\" width=\"216\" height=\"193\" \/><\/a><\/p>\n","protected":false},"excerpt":{"rendered":"<p>L&rsquo;op\u00e9ration D&amp;CO de la salle d\u00e9tente se termine &#8230;. L&rsquo;amicale vous invite \u00e0 l&rsquo;inauguration de la salle d\u00e9tente.\u00a0 en pr\u00e9sence de Mr Thibault le jeudi 3 juillet \u00e0 15h00 Go\u00fbter \u00ab\u00a0aux saveurs du monde\u00a0\u00bb &amp; jus de pommes local \u00e0 d\u00e9guster ! Venez nombreux, avec votre plus grand sourire, pour [&hellip;]<\/p>\n","protected":false},"author":1,"featured_media":4442,"comment_status":"open","ping_status":"closed","sticky":false,"template":"","format":"standard","meta":{"footnotes":""},"categories":[1],"tags":[],"class_list":["post-4441","post","type-post","status-publish","format-standard","has-post-thumbnail","hentry","category-actus"],"_links":{"self":[{"href":"https:\/\/www.amicale-aeap.fr\/word\/wp-json\/wp\/v2\/posts\/4441","targetHints":{"allow":["GET"]}}],"collection":[{"href":"https:\/\/www.amicale-aeap.fr\/word\/wp-json\/wp\/v2\/posts"}],"about":[{"href":"https:\/\/www.amicale-aeap.fr\/word\/wp-json\/wp\/v2\/types\/post"}],"author":[{"embeddable":true,"href":"https:\/\/www.amicale-aeap.fr\/word\/wp-json\/wp\/v2\/users\/1"}],"replies":[{"embeddable":true,"href":"https:\/\/www.amicale-aeap.fr\/word\/wp-json\/wp\/v2\/comments?post=4441"}],"version-history":[{"count":2,"href":"https:\/\/www.amicale-aeap.fr\/word\/wp-json\/wp\/v2\/posts\/4441\/revisions"}],"predecessor-version":[{"id":4444,"href":"https:\/\/www.amicale-aeap.fr\/word\/wp-json\/wp\/v2\/posts\/4441\/revisions\/4444"}],"wp:featuredmedia":[{"embeddable":true,"href":"https:\/\/www.amicale-aeap.fr\/word\/wp-json\/wp\/v2\/media\/4442"}],"wp:attachment":[{"href":"https:\/\/www.amicale-aeap.fr\/word\/wp-json\/wp\/v2\/media?parent=4441"}],"wp:term":[{"taxonomy":"category","embeddable":true,"href":"https:\/\/www.amicale-aeap.fr\/word\/wp-json\/wp\/v2\/categories?post=4441"},{"taxonomy":"post_tag","embeddable":true,"href":"https:\/\/www.amicale-aeap.fr\/word\/wp-json\/wp\/v2\/tags?post=4441"}],"curies":[{"name":"wp","href":"https:\/\/api.w.org\/{rel}","templated":true}]}}