{"id":4269,"date":"2014-05-21T08:26:17","date_gmt":"2014-05-21T07:26:17","guid":{"rendered":"http:\/\/www.amicale-aeap.fr\/word\/?p=4269"},"modified":"2014-05-21T08:26:17","modified_gmt":"2014-05-21T07:26:17","slug":"petite-annonce-theatre-forum-et-si-vous-dirigiez-leurope","status":"publish","type":"post","link":"https:\/\/www.amicale-aeap.fr\/word\/2014\/05\/21\/petite-annonce-theatre-forum-et-si-vous-dirigiez-leurope\/","title":{"rendered":"Petite annonce : Th\u00e9\u00e2tre forum \u00ab Et si vous dirigiez l\u2019Europe ? \u00bb"},"content":{"rendered":"<p align=\"center\"><strong><span style=\"font-family: Georgia; font-size: large;\">La Maison de l\u2019Europe de Douai<\/span><\/strong><span style=\"font-family: Georgia;\">&amp; <\/span><strong><span style=\"font-family: Georgia; font-size: large;\">La Compagnie de th\u00e9\u00e2tre \u00ab L\u2019\u00e9l\u00e9phant dans le boa \u00bb <\/span><\/strong><\/p>\n<p align=\"center\"><span style=\"font-family: Georgia; font-size: medium;\">en partenariat avec la <strong>MJC de Douai<\/strong><\/span><\/p>\n<p align=\"center\"><span style=\"font-family: Georgia; font-size: medium;\">\u00a0ont le plaisir de vous inviter \u00e0 participer au <\/span><\/p>\n<p align=\"center\"><strong><span style=\"font-family: Georgia; font-size: medium;\">Th\u00e9\u00e2tre forum sur le th\u00e8me<\/span><\/strong><\/p>\n<p align=\"center\"><strong><span style=\"font-family: Georgia; font-size: medium;\">\u00a0\u00ab <em>Et si vous dirigiez l\u2019Europe ? <\/em>\u00bb<\/span><\/strong><\/p>\n<p>&nbsp;<\/p>\n<p align=\"center\"><strong><span style=\"color: red; font-family: Georgia; font-size: x-large;\">Le Samedi 24 Mai 2014 \u00e0 17h \u00e0 la MJC de Douai<\/span><\/strong><\/p>\n<p>&nbsp;<\/p>\n<p align=\"center\">\u00a0<span style=\"font-family: Georgia; font-size: medium;\">Quelle Europe voulez-vous ? Vaste question ! Vous avez certainement des id\u00e9es.<\/span><\/p>\n<p align=\"center\"><span style=\"font-family: Georgia; font-size: medium;\">Participez donc au Th\u00e9\u00e2tre forum \u00ab Et si vous dirigiez l\u2019Europe ? \u00bb.<\/span><\/p>\n<p>&nbsp;<\/p>\n<p><span style=\"font-family: Georgia; font-size: medium;\">A travers trois sayn\u00e8tes humoristiques les com\u00e9diens soul\u00e8veront des probl\u00e8mes que nous rencontrons tr\u00e8s souvent comme : <\/span><\/p>\n<p>&nbsp;<\/p>\n<ul>\n<li><span style=\"font-family: Georgia; font-size: medium;\">\u00ab L\u2019euro a fait exploser le co\u00fbt de la vie \u00bb.<\/span><\/li>\n<li><span style=\"font-family: Georgia; font-size: medium;\">\u00ab On nous fait manger n\u2019importe quoi \u00bb.<\/span><\/li>\n<li><span style=\"font-family: Georgia; font-size: medium;\">\u00ab L\u2019Europe est la porte ouverte \u00e0 tous les immigr\u00e9s du monde \u00bb.<\/span><\/li>\n<\/ul>\n<p>&nbsp;<\/p>\n<p><span style=\"font-family: Georgia; font-size: medium;\">Suivant le principe du Th\u00e9\u00e2tre forum les com\u00e9diens c\u00e9deront leur place \u00e0 ceux qui veulent donner leur avis afin de permettre des \u00e9changes dynamiques.<\/span><\/p>\n<p><strong><span style=\"font-family: Georgia; font-size: medium;\">Michel GRELIER<\/span><\/strong><span style=\"font-family: Georgia;\">, conf\u00e9rencier \u00ab <strong>Team Europe<\/strong> \u00bb, apportera les \u00e9l\u00e9ments n\u00e9cessaires \u00e0 la compr\u00e9hension des m\u00e9canismes de fonctionnement de cette Europe.<\/span><\/p>\n<p>&nbsp;<\/p>\n<p><strong><span style=\"color: #0033cc; font-family: Georgia; font-size: medium;\">Alors nous pourrons peut-\u00eatre esquisser ce que serait l\u2019Europe que vous dirigeriez ?<\/span><\/strong><\/p>\n<p>&nbsp;<\/p>\n<p><span style=\"font-family: Arial; font-size: small;\">CONTACT<a href=\"http:\/\/www.amicale-aeap.fr\/word\/wp-content\/uploads\/2014\/05\/Affiche-europe-.jpg\"><img loading=\"lazy\" decoding=\"async\" class=\"aligncenter size-medium wp-image-4270\" alt=\"Affiche europe\" src=\"http:\/\/www.amicale-aeap.fr\/word\/wp-content\/uploads\/2014\/05\/Affiche-europe--210x300.jpg\" width=\"210\" height=\"300\" srcset=\"https:\/\/www.amicale-aeap.fr\/word\/wp-content\/uploads\/2014\/05\/Affiche-europe--210x300.jpg 210w, https:\/\/www.amicale-aeap.fr\/word\/wp-content\/uploads\/2014\/05\/Affiche-europe-.jpg 500w\" sizes=\"auto, (max-width: 210px) 100vw, 210px\" \/><\/a> <\/span><\/p>\n<p>&nbsp;<\/p>\n<p>&nbsp;<\/p>\n<ul>\n<li>\u00a0<span style=\"font-family: Arial; font-size: small;\">Karine EVANNO<\/span><\/li>\n<li>\u00a0<span style=\"font-family: Arial; font-size: small;\">Maison de l&rsquo;Europe<\/span><\/li>\n<li>\u00a0<span style=\"font-family: Arial; font-size: small;\">Europe Direct Douai-Nord<\/span><\/li>\n<li>\u00a0<span style=\"font-family: Arial; font-size: small;\">03 27 88 82 13<\/span><\/li>\n<\/ul>\n","protected":false},"excerpt":{"rendered":"<p>La Maison de l\u2019Europe de Douai&amp; La Compagnie de th\u00e9\u00e2tre \u00ab L\u2019\u00e9l\u00e9phant dans le boa \u00bb en partenariat avec la MJC de Douai \u00a0ont le plaisir de vous inviter \u00e0 participer au Th\u00e9\u00e2tre forum sur le th\u00e8me \u00a0\u00ab Et si vous dirigiez l\u2019Europe ? \u00bb &nbsp; Le Samedi 24 Mai [&hellip;]<\/p>\n","protected":false},"author":1,"featured_media":4270,"comment_status":"open","ping_status":"closed","sticky":false,"template":"","format":"standard","meta":{"footnotes":""},"categories":[26],"tags":[],"class_list":["post-4269","post","type-post","status-publish","format-standard","has-post-thumbnail","hentry","category-petites-annonces"],"_links":{"self":[{"href":"https:\/\/www.amicale-aeap.fr\/word\/wp-json\/wp\/v2\/posts\/4269","targetHints":{"allow":["GET"]}}],"collection":[{"href":"https:\/\/www.amicale-aeap.fr\/word\/wp-json\/wp\/v2\/posts"}],"about":[{"href":"https:\/\/www.amicale-aeap.fr\/word\/wp-json\/wp\/v2\/types\/post"}],"author":[{"embeddable":true,"href":"https:\/\/www.amicale-aeap.fr\/word\/wp-json\/wp\/v2\/users\/1"}],"replies":[{"embeddable":true,"href":"https:\/\/www.amicale-aeap.fr\/word\/wp-json\/wp\/v2\/comments?post=4269"}],"version-history":[{"count":1,"href":"https:\/\/www.amicale-aeap.fr\/word\/wp-json\/wp\/v2\/posts\/4269\/revisions"}],"predecessor-version":[{"id":4271,"href":"https:\/\/www.amicale-aeap.fr\/word\/wp-json\/wp\/v2\/posts\/4269\/revisions\/4271"}],"wp:featuredmedia":[{"embeddable":true,"href":"https:\/\/www.amicale-aeap.fr\/word\/wp-json\/wp\/v2\/media\/4270"}],"wp:attachment":[{"href":"https:\/\/www.amicale-aeap.fr\/word\/wp-json\/wp\/v2\/media?parent=4269"}],"wp:term":[{"taxonomy":"category","embeddable":true,"href":"https:\/\/www.amicale-aeap.fr\/word\/wp-json\/wp\/v2\/categories?post=4269"},{"taxonomy":"post_tag","embeddable":true,"href":"https:\/\/www.amicale-aeap.fr\/word\/wp-json\/wp\/v2\/tags?post=4269"}],"curies":[{"name":"wp","href":"https:\/\/api.w.org\/{rel}","templated":true}]}}