{"id":4223,"date":"2014-05-15T20:00:47","date_gmt":"2014-05-15T19:00:47","guid":{"rendered":"http:\/\/www.amicale-aeap.fr\/word\/?p=4223"},"modified":"2014-05-15T16:23:19","modified_gmt":"2014-05-15T15:23:19","slug":"sejour-a-la-neige-en-fevrier-2015","status":"publish","type":"post","link":"https:\/\/www.amicale-aeap.fr\/word\/2014\/05\/15\/sejour-a-la-neige-en-fevrier-2015\/","title":{"rendered":"S\u00e9jour \u00e0 la neige en f\u00e9vrier 2015"},"content":{"rendered":"<p><a href=\"http:\/\/www.amicale-aeap.fr\/word\/wp-content\/uploads\/2014\/05\/hotel-club-mmv-le-panorama01.jpg\"><img loading=\"lazy\" decoding=\"async\" class=\"size-medium wp-image-4225 alignright\" alt=\"hotel-club-mmv-le-panorama01\" src=\"http:\/\/www.amicale-aeap.fr\/word\/wp-content\/uploads\/2014\/05\/hotel-club-mmv-le-panorama01-300x200.jpg\" width=\"300\" height=\"200\" srcset=\"https:\/\/www.amicale-aeap.fr\/word\/wp-content\/uploads\/2014\/05\/hotel-club-mmv-le-panorama01-300x200.jpg 300w, https:\/\/www.amicale-aeap.fr\/word\/wp-content\/uploads\/2014\/05\/hotel-club-mmv-le-panorama01.jpg 720w\" sizes=\"auto, (max-width: 300px) 100vw, 300px\" \/><\/a>L\u2019Amicale vous invite \u00e0 participer \u00e0 un s\u00e9jour aux Deux Alpes dans l&rsquo;un des plus grands glaciers skiables d&rsquo;Europe. Situ\u00e9 au pied des pistes, l&rsquo;H\u00f4tel Club MMV le Panorama vous accueille dans un environnement convivial et cosy, id\u00e9al pour des vacances en famille.<\/p>\n<p>L&rsquo;h\u00f4tel club le Panorama aux Deux Alpes a \u00e9galement mis\u00e9 sur la qualit\u00e9 des installations afin de garantir des soir\u00e9es et un apr\u00e8s-ski agr\u00e9able. L&rsquo;espace bien-\u00eatre \u00e9quip\u00e9 de deux jacuzzis, sauna et hammam est \u00e0 disposition des r\u00e9sidents pour se relaxer et prendre soin de soi. L&rsquo;\u00e9tablissement dispose enfin de deux restaurants, d&rsquo;un bar spacieux avec un coin chemin\u00e9e et d&rsquo;une salle de spectacle pour partager des moments conviviaux. Trois clubs enfants sont \u00e0 disposition dans cet h\u00f4tel club.<\/p>\n<p><strong>Les plus de la station<\/strong><\/p>\n<p>\u00b7 Espace Bien-\u00eatre avec soins Pure Altitude\u00ae<strong><a href=\"http:\/\/www.amicale-aeap.fr\/word\/wp-content\/uploads\/2014\/05\/hotel-club-mmv-le-panorama03.jpg\"><img loading=\"lazy\" decoding=\"async\" class=\"size-medium wp-image-4224 alignright\" alt=\"hotel-club-mmv-le-panorama03\" src=\"http:\/\/www.amicale-aeap.fr\/word\/wp-content\/uploads\/2014\/05\/hotel-club-mmv-le-panorama03-300x200.jpg\" width=\"300\" height=\"200\" srcset=\"https:\/\/www.amicale-aeap.fr\/word\/wp-content\/uploads\/2014\/05\/hotel-club-mmv-le-panorama03-300x200.jpg 300w, https:\/\/www.amicale-aeap.fr\/word\/wp-content\/uploads\/2014\/05\/hotel-club-mmv-le-panorama03.jpg 720w\" sizes=\"auto, (max-width: 300px) 100vw, 300px\" \/><\/a><\/strong><br \/>\n\u00b7 Pistes \u00e0 50m<br \/>\n\u00b7 Bar avec chemin\u00e9e<br \/>\n\u00b7 Location de skis sur place<\/p>\n<p><strong>Transport non compris<\/strong><\/p>\n<p>Plus de renseignements : <a href=\"http:\/\/www.mmv.fr\/station-les-2-alpes-reservation-hiver-hotel-club-mmv-le-panorama.html   \">http:\/\/www.mmv.fr\/station-les-2-alpes-reservation-hiver-hotel-club-mmv-le-panorama.html\u00a0<\/a><\/p>\n<p>Le bulletin d&rsquo;inscription : <a href=\"http:\/\/www.amicale-aeap.fr\/word\/wp-content\/uploads\/2014\/05\/BULLETIN_SEJOUR_NEIGE.pdf\">BULLETIN_SEJOUR_NEIGE<\/a><\/p>\n<p>&nbsp;<\/p>\n<p><strong>CLOTURE DES INSCRIPTIONS LE 12\/06\/2014<\/strong><\/p>\n<p>Ce s\u00e9jour est annonc\u00e9 comme un grand voyage, vous avez donc la possibilit\u00e9 de cumuler vos deux participations financi\u00e8res 2015 sur ce voyage. Il est ouvert aux amicalistes et leurs ayant-droits \u00e0 l\u00a0\u00bbinscription \u00e0 l&rsquo;amicale d\u00e9but 2014, c&rsquo;est \u00e0 dire l&rsquo;ayant-droit d\u00e9clar\u00e9 et les enfants.<\/p>\n","protected":false},"excerpt":{"rendered":"<p>L\u2019Amicale vous invite \u00e0 participer \u00e0 un s\u00e9jour aux Deux Alpes dans l&rsquo;un des plus grands glaciers skiables d&rsquo;Europe. Situ\u00e9 au pied des pistes, l&rsquo;H\u00f4tel Club MMV le Panorama vous accueille dans un environnement convivial et cosy, id\u00e9al pour des vacances en famille. L&rsquo;h\u00f4tel club le Panorama aux Deux Alpes [&hellip;]<\/p>\n","protected":false},"author":1,"featured_media":0,"comment_status":"open","ping_status":"closed","sticky":false,"template":"","format":"standard","meta":{"footnotes":""},"categories":[1],"tags":[],"class_list":["post-4223","post","type-post","status-publish","format-standard","hentry","category-actus"],"_links":{"self":[{"href":"https:\/\/www.amicale-aeap.fr\/word\/wp-json\/wp\/v2\/posts\/4223","targetHints":{"allow":["GET"]}}],"collection":[{"href":"https:\/\/www.amicale-aeap.fr\/word\/wp-json\/wp\/v2\/posts"}],"about":[{"href":"https:\/\/www.amicale-aeap.fr\/word\/wp-json\/wp\/v2\/types\/post"}],"author":[{"embeddable":true,"href":"https:\/\/www.amicale-aeap.fr\/word\/wp-json\/wp\/v2\/users\/1"}],"replies":[{"embeddable":true,"href":"https:\/\/www.amicale-aeap.fr\/word\/wp-json\/wp\/v2\/comments?post=4223"}],"version-history":[{"count":4,"href":"https:\/\/www.amicale-aeap.fr\/word\/wp-json\/wp\/v2\/posts\/4223\/revisions"}],"predecessor-version":[{"id":4230,"href":"https:\/\/www.amicale-aeap.fr\/word\/wp-json\/wp\/v2\/posts\/4223\/revisions\/4230"}],"wp:attachment":[{"href":"https:\/\/www.amicale-aeap.fr\/word\/wp-json\/wp\/v2\/media?parent=4223"}],"wp:term":[{"taxonomy":"category","embeddable":true,"href":"https:\/\/www.amicale-aeap.fr\/word\/wp-json\/wp\/v2\/categories?post=4223"},{"taxonomy":"post_tag","embeddable":true,"href":"https:\/\/www.amicale-aeap.fr\/word\/wp-json\/wp\/v2\/tags?post=4223"}],"curies":[{"name":"wp","href":"https:\/\/api.w.org\/{rel}","templated":true}]}}