{"id":4178,"date":"2014-04-29T07:12:46","date_gmt":"2014-04-29T06:12:46","guid":{"rendered":"http:\/\/www.amicale-aeap.fr\/word\/?p=4178"},"modified":"2014-04-29T07:12:46","modified_gmt":"2014-04-29T06:12:46","slug":"inscriptions-mer-de-sable-et-olhain","status":"publish","type":"post","link":"https:\/\/www.amicale-aeap.fr\/word\/2014\/04\/29\/inscriptions-mer-de-sable-et-olhain\/","title":{"rendered":"Inscriptions Mer de Sable et Olhain"},"content":{"rendered":"<h2><strong>La Mer de Sable<\/strong><\/h2>\n<p>Le nombre minimum de participants \u00e9tant atteint, la sortie est confirm\u00e9e : youhou !! Vous pouvez encore vous inscrire via le formulaire d&rsquo;inscription \u00e0 la fin de cette page :<a href=\"http:\/\/www.amicale-aeap.fr\/word\/2014\/4135\"> lien vers la page<\/a> . Il reste des places.<\/p>\n<p>Vos inscriptions sont bien prises en compte. Dans le cas o\u00f9 vous avez un peu cafouill\u00e9 et envoy\u00e9 plusieurs fois des inscriptions, nous ferons le point avant le d\u00e9part.<\/p>\n<p>Un mail confirmant vos inscriptions et les d\u00e9tails du voyage sera envoy\u00e9 pendant la semaine du 12 mai. Globalement, d\u00e9part vers 8h30 ou 9h. Arriv\u00e9e pr\u00e9vue vers 10h. Pr\u00e9voyez un pique-nique, nous pourrons nous donner RDV et d\u00e9jeuner tous ensemble sur une aire de pique-nique l\u00e0-bas ! Puis d\u00e9part de l\u00e0-bas \u00e0 18h pour un retour vers 20h00, ou plus t\u00f4t si on le d\u00e9cide ensemble &#8230;<\/p>\n<h2><strong>OLHAIN<\/strong><\/h2>\n<p>N&rsquo;oubliez pas non plus de vous inscrire \u00e0 la journ\u00e9e barbecue \u00e0 Olhain du 1er juin :<a href=\"http:\/\/www.amicale-aeap.fr\/word\/2014\/4161\"> lien vers la page.\u00a0<\/a><\/p>\n<p>Pour les activit\u00e9s, la date et l&rsquo;heure d&rsquo;inscription fera foi, le nombre de places pour certaines activit\u00e9s \u00e9tant limit\u00e9. Et il fera beau !!<\/p>\n<p>&nbsp;<\/p>\n<p><em>L&rsquo;amicale vous souhaite une joyeuse f\u00eate du travail et du muguet !<\/em><\/p>\n","protected":false},"excerpt":{"rendered":"<p>La Mer de Sable Le nombre minimum de participants \u00e9tant atteint, la sortie est confirm\u00e9e : youhou !! Vous pouvez encore vous inscrire via le formulaire d&rsquo;inscription \u00e0 la fin de cette page : lien vers la page . Il reste des places. Vos inscriptions sont bien prises en compte. [&hellip;]<\/p>\n","protected":false},"author":1,"featured_media":4179,"comment_status":"open","ping_status":"closed","sticky":false,"template":"","format":"standard","meta":{"footnotes":""},"categories":[1],"tags":[],"class_list":["post-4178","post","type-post","status-publish","format-standard","has-post-thumbnail","hentry","category-actus"],"_links":{"self":[{"href":"https:\/\/www.amicale-aeap.fr\/word\/wp-json\/wp\/v2\/posts\/4178","targetHints":{"allow":["GET"]}}],"collection":[{"href":"https:\/\/www.amicale-aeap.fr\/word\/wp-json\/wp\/v2\/posts"}],"about":[{"href":"https:\/\/www.amicale-aeap.fr\/word\/wp-json\/wp\/v2\/types\/post"}],"author":[{"embeddable":true,"href":"https:\/\/www.amicale-aeap.fr\/word\/wp-json\/wp\/v2\/users\/1"}],"replies":[{"embeddable":true,"href":"https:\/\/www.amicale-aeap.fr\/word\/wp-json\/wp\/v2\/comments?post=4178"}],"version-history":[{"count":1,"href":"https:\/\/www.amicale-aeap.fr\/word\/wp-json\/wp\/v2\/posts\/4178\/revisions"}],"predecessor-version":[{"id":4180,"href":"https:\/\/www.amicale-aeap.fr\/word\/wp-json\/wp\/v2\/posts\/4178\/revisions\/4180"}],"wp:featuredmedia":[{"embeddable":true,"href":"https:\/\/www.amicale-aeap.fr\/word\/wp-json\/wp\/v2\/media\/4179"}],"wp:attachment":[{"href":"https:\/\/www.amicale-aeap.fr\/word\/wp-json\/wp\/v2\/media?parent=4178"}],"wp:term":[{"taxonomy":"category","embeddable":true,"href":"https:\/\/www.amicale-aeap.fr\/word\/wp-json\/wp\/v2\/categories?post=4178"},{"taxonomy":"post_tag","embeddable":true,"href":"https:\/\/www.amicale-aeap.fr\/word\/wp-json\/wp\/v2\/tags?post=4178"}],"curies":[{"name":"wp","href":"https:\/\/api.w.org\/{rel}","templated":true}]}}