{"id":4107,"date":"2014-04-07T17:00:10","date_gmt":"2014-04-07T16:00:10","guid":{"rendered":"http:\/\/www.amicale-aeap.fr\/word\/?p=4107"},"modified":"2014-05-22T16:00:46","modified_gmt":"2014-05-22T15:00:46","slug":"la-reunion-en-octobre-2015-volcans-falaises-et-jungles-verdoyantes","status":"publish","type":"post","link":"https:\/\/www.amicale-aeap.fr\/word\/2014\/04\/07\/la-reunion-en-octobre-2015-volcans-falaises-et-jungles-verdoyantes\/","title":{"rendered":"La R\u00e9union en octobre 2015 : volcans, falaises et jungles verdoyantes."},"content":{"rendered":"<p><a href=\"http:\/\/www.amicale-aeap.fr\/word\/wp-content\/uploads\/2014\/04\/index.jpg\"><img loading=\"lazy\" decoding=\"async\" class=\"size-full wp-image-4112 alignleft\" alt=\"index\" src=\"http:\/\/www.amicale-aeap.fr\/word\/wp-content\/uploads\/2014\/04\/index.jpg\" width=\"275\" height=\"183\" \/><\/a><strong>L&rsquo;amicale vous propose en 2015 un s\u00e9jour \u00ab\u00a0GRAND VOYAGE\u00a0\u00bb de 10 jours \/ 7 nuits \u00e0 la REUNION.<\/strong><\/p>\n<p>Les dates seraient du 22 au 29 octobre 2015, \u00e0 un ou deux jours pr\u00e8s. L&rsquo;id\u00e9e sera de partir en vacances scolaires de la Toussaint, et de revenir avant le dimanche 1er novembre pour que vous puissiez vous reposer avant de re-d\u00e9marrer le travail\/l&rsquo;\u00e9cole.<\/p>\n<p>Vous avez donc 18 mois pour \u00e9pargner et vous offrir ce merveilleux voyage !<\/p>\n<p>&nbsp;<\/p>\n<p>&nbsp;<\/p>\n<p><!--more--><\/p>\n<h2>PROGRAMME<\/h2>\n<p><a href=\"http:\/\/www.amicale-aeap.fr\/word\/wp-content\/uploads\/2014\/04\/Capture-1.jpg\"><img loading=\"lazy\" decoding=\"async\" class=\"aligncenter size-large wp-image-4125\" alt=\"Capture-1\" src=\"http:\/\/www.amicale-aeap.fr\/word\/wp-content\/uploads\/2014\/04\/Capture-1-1024x433.jpg\" width=\"550\" height=\"232\" srcset=\"https:\/\/www.amicale-aeap.fr\/word\/wp-content\/uploads\/2014\/04\/Capture-1-1024x433.jpg 1024w, https:\/\/www.amicale-aeap.fr\/word\/wp-content\/uploads\/2014\/04\/Capture-1-300x127.jpg 300w, https:\/\/www.amicale-aeap.fr\/word\/wp-content\/uploads\/2014\/04\/Capture-1-900x381.jpg 900w, https:\/\/www.amicale-aeap.fr\/word\/wp-content\/uploads\/2014\/04\/Capture-1.jpg 1641w\" sizes=\"auto, (max-width: 550px) 100vw, 550px\" \/><\/a><\/p>\n<pre>Loin des clich\u00e9s paradisiaques de l'oc\u00e9an Indien, la R\u00e9union comblera les randonneurs plut\u00f4t que les adeptes du farniente. Faite de volcans, de falaises, de cascades \u00e9chevel\u00e9es et de jungle verdoyante, la beaut\u00e9 abrupte de cette \u00eele se m\u00e9rite et se conquiert. La R\u00e9union d\u00e9range ! Ce morceau de France qui se chauffe au soleil de l'h\u00e9misph\u00e8re sud se pr\u00eate mal \u00e0 l'image traditionnelle des \u00eeles tropicales.\r\n Voisine de Maurice, connue pour ses lagons enj\u00f4leurs, la R\u00e9union est plus \u00e9nigmatique : villages perdus entre des cr\u00eates \u00e9troites, paysages lunaires ou cascades d\u00e9valant des hauteurs semblables au voile d'une mari\u00e9e.\r\n R\u00e9solument volcanique et montagneuse, l'\u00eele se r\u00e9v\u00e8le une destination diablement sportive : nuit en refuge, randonn\u00e9e,\r\n deltaplane, rafting. S'ajoute \u00e0 cet espace naturel \u00e0 couper le souffle une culture originale, au carrefour de trois continents : Asie, Europe et Afrique.<\/pre>\n<p>Pour satisfaire toutes les envies, le s\u00e9jour se fera dans un hotel 3*** en demi-pension. Libre \u00e0 vous ensuite de buller sur les plages ou de partir randonner \u00e0 pied dans la montagne tous les jours, de louer une voiture pour faire trois fois le tour de l&rsquo;\u00eele dans la journ\u00e9e &#8230;. Toutes les plaisirs sont possibles \u00e0 la R\u00e9union !! Vous vous retrouverez tous les matins et tous les soirs au diner-buffet pour raconter vos aventures de la journ\u00e9e &#8230;<\/p>\n<p><a href=\"http:\/\/www.amicale-aeap.fr\/word\/wp-content\/uploads\/2014\/04\/Ile-de-la-R\u00e9union-hotel-le-recif-3-etoiles.pdf\">Plaquette et d\u00e9tails du voyage : Ile de la R\u00e9union &#8211; hotel le recif 3 etoiles<\/a><\/p>\n<p>Pour ceux qui \u00e9taient \u00e0 l&rsquo;AG et se r\u00e9galaient d\u00e9j\u00e0 de partir en randonn\u00e9e, nous avons estim\u00e9 que les tarifs pour la randonn\u00e9e \u00e9taient trop \u00e9lev\u00e9s. Mais nous avons \u00e9galement confiance dans les capacit\u00e9s des amicalistes pour cr\u00e9er un petit groupe de randonneurs qui pourra s&rsquo;organiser, louer \u00e9ventuellement des voitures en commun pour se rendre sur les lieux, ou \u00e9tudier des circuits au d\u00e9part de l&rsquo;h\u00f4tel. Vous avez plus d&rsquo;un an pour cela \ud83d\ude42<\/p>\n<p>Site officiel qui fait r\u00eaver : <a href=\"http:\/\/www.reunion.fr\/accueil-du-site.html\">http:\/\/www.reunion.fr\/accueil-du-site.html<\/a><\/p>\n<p>L&rsquo;agence de voyages nous propose une s\u00e9rie d&rsquo;excursions d&rsquo;une journ\u00e9e. Une fois les inscriptions des amicalistes rassembl\u00e9es, nous organiserons un sondage et\/ou une r\u00e9union parmi les inscrits pour voir si l&rsquo;une de ces excursions vous int\u00e9resserait. L&rsquo;id\u00e9e est qu&rsquo;une excursion ne peut \u00eatre organis\u00e9e que si 20 personnes \u00e0 minima s&rsquo;inscrivent.<\/p>\n<p><a href=\"http:\/\/www.amicale-aeap.fr\/word\/wp-content\/uploads\/2014\/04\/ile-de-la-reunion.jpg\"><img loading=\"lazy\" decoding=\"async\" class=\"aligncenter size-medium wp-image-4126\" alt=\"ile-de-la-reunion\" src=\"http:\/\/www.amicale-aeap.fr\/word\/wp-content\/uploads\/2014\/04\/ile-de-la-reunion-300x225.jpg\" width=\"300\" height=\"225\" srcset=\"https:\/\/www.amicale-aeap.fr\/word\/wp-content\/uploads\/2014\/04\/ile-de-la-reunion-300x225.jpg 300w, https:\/\/www.amicale-aeap.fr\/word\/wp-content\/uploads\/2014\/04\/ile-de-la-reunion.jpg 765w\" sizes=\"auto, (max-width: 300px) 100vw, 300px\" \/><\/a><\/p>\n<h2>Tarification<\/h2>\n<p>Le voyage est un GRAND VOYAGE donc vous aurez la possibilit\u00e9 de cumuler les deux participations financi\u00e8res annuelles,\u00a0 et le tarif \u00ab\u00a0quotient familial\u00a0\u00bb est propos\u00e9.<\/p>\n<p>Donc concr\u00e8tement, la participation de l&rsquo;amicale par personne sera la suivante, selon votre quotient familial. Votre quotient familial est votre revenu fiscal de r\u00e9f\u00e9rence \/ (nombre de parts *12).<\/p>\n<table width=\"425\" border=\"0\" cellspacing=\"0\" cellpadding=\"0\">\n<tbody>\n<tr>\n<td valign=\"top\" width=\"94\"><strong>TRANCHE<\/strong><\/td>\n<td valign=\"top\" width=\"98\"><strong>QUOTIENT FAMILIAL<\/strong><\/td>\n<td valign=\"top\" width=\"119\"><strong>SIMPLE PARTICIPATION FINANCI\u00c8RE<br \/>\n<\/strong><\/td>\n<td valign=\"top\" width=\"113\"><strong>DOUBLE PARTICIPATION FINANCI\u00c8RE<br \/>\n<\/strong><\/td>\n<\/tr>\n<tr>\n<td valign=\"top\" width=\"94\">1<\/td>\n<td valign=\"top\" width=\"98\">Plus de 1051\u20ac<\/td>\n<td valign=\"top\" width=\"119\">200\u20ac<\/td>\n<td valign=\"top\" width=\"113\">400\u20ac<\/td>\n<\/tr>\n<tr>\n<td valign=\"top\" width=\"94\">2<\/td>\n<td valign=\"top\" width=\"98\">Entre 751 et 1050\u20ac<\/td>\n<td valign=\"top\" width=\"119\">250\u20ac<\/td>\n<td valign=\"top\" width=\"113\">500\u20ac<\/td>\n<\/tr>\n<tr>\n<td valign=\"top\" width=\"94\">3<\/td>\n<td valign=\"top\" width=\"98\">Moins de 750\u20ac<\/td>\n<td valign=\"top\" width=\"119\">300\u20ac<\/td>\n<td valign=\"top\" width=\"113\">600\u20ac<\/td>\n<\/tr>\n<tr>\n<td valign=\"top\" width=\"94\">Retrait\u00e9s<\/td>\n<td valign=\"top\" width=\"98\"><\/td>\n<td valign=\"top\" width=\"119\">150\u20ac<\/td>\n<td valign=\"top\" width=\"113\">300\u20ac<\/td>\n<\/tr>\n<\/tbody>\n<\/table>\n<p>Le voyage vous est propos\u00e9 aujourd&rsquo;hui au tarif initial de 1500 euros par adulte, 1250 euros pour les enfants de 2 \u00e0 17 ans dormant dans la chambre de leurs parents. A ce prix, vous retirez la participation financi\u00e8re selon le tableau ci-dessus pour obtenir votre tarif final.<\/p>\n<p><em><strong>A noter : le voyage \u00e9tant propos\u00e9 presque 18 mois \u00e0 l&rsquo;avance, les taxes d&rsquo;a\u00e9roports, de carburants, etc &#8230; peuvent encore faire \u00e9voluer ce tarif \u00e0 la marge. Le tarif d\u00e9finitif sera fix\u00e9 en novembre 2014, \u00e0 l&rsquo;ouverture des r\u00e9servations pour les vols.<\/strong> <\/em><\/p>\n<p>Le tarif prend en compte le transfert Douai-Paris (organis\u00e9 par l&rsquo;amicale) et le descriptif d\u00e9taill\u00e9 propos\u00e9 dans le document de l&rsquo;agence de voyage.<\/p>\n<p>Nous avons encore peu de visibilit\u00e9 sur les autres voyages \u00e9ventuellement propos\u00e9s en 2015 par les amicalistes. Le seul voyage \u00ab\u00a0s\u00fbr\u00a0\u00bb sera un s\u00e9jour au ski d\u00e9but 2015, qui sera probablement propos\u00e9 fin 2014, en double participation financi\u00e8re \u00e9galement sur l&rsquo;ann\u00e9e 2014.<\/p>\n<p><span style=\"color: #ff0000;\">ERRATUM : Vous ne pouvez pas participer au ski et \u00e0 la R\u00e9union en double PF, les deux voyages se d\u00e9roulant la m\u00eame ann\u00e9e. Mea culpa. (M\u00e9lina) &#8211; Mais vous pouvez participer au ski et \u00e0 la R\u00e9union avec une PF sur chaque voyage.<\/span><\/p>\n<h2>INSCRIPTION ET Paiement<\/h2>\n<p>Nous vous demandons le paiement d&rsquo;un acompte de 150 euros (ch\u00e8que) \u00e0 l&rsquo;inscription (que nous n&rsquo;encaisserons que si le voyage est confirm\u00e9).\u00a0 Si le nombre de partants requis est atteint (minima 20 personnes), pour vous faciliter le paiement et vous permettre de l&rsquo;\u00e9chelonner sur une longue dur\u00e9e, nous vous demanderons ensuite de remplir un \u00e9ch\u00e9ancier de paiement avec nous, et de fournir tous les ch\u00e8ques \u00e0 minima en novembre 2014, lorsque le prix d\u00e9finitif sera connu.\u00a0 Nous nous engagerons \u00e0 ne d\u00e9poser les ch\u00e8ques en banque qu&rsquo;\u00e0 la date fix\u00e9e. Ceci afin de nous \u00e9viter d&rsquo;avoir \u00e0 effectuer des relances r\u00e9guli\u00e8res et simplifier la gestion des paiements.<\/p>\n<p>Le bulletin d&rsquo;inscription : <a href=\"http:\/\/www.amicale-aeap.fr\/word\/wp-content\/uploads\/2014\/04\/Bulletin_Inscription2.pdf\">Bulletin_Inscription2<\/a><\/p>\n<p>Merci de vous inscrire avant le 7 mai de G\u00e9raldine Aubert, \u00e0 qui vous pourrez poser toutes vos questions.<\/p>\n<p>&nbsp;<\/p>\n<p>&nbsp;<\/p>\n<p>&nbsp;<\/p>\n","protected":false},"excerpt":{"rendered":"<p>L&rsquo;amicale vous propose en 2015 un s\u00e9jour \u00ab\u00a0GRAND VOYAGE\u00a0\u00bb de 10 jours \/ 7 nuits \u00e0 la REUNION. Les dates seraient du 22 au 29 octobre 2015, \u00e0 un ou deux jours pr\u00e8s. L&rsquo;id\u00e9e sera de partir en vacances scolaires de la Toussaint, et de revenir avant le dimanche 1er [&hellip;]<\/p>\n","protected":false},"author":1,"featured_media":0,"comment_status":"open","ping_status":"closed","sticky":false,"template":"","format":"standard","meta":{"footnotes":""},"categories":[1],"tags":[],"class_list":["post-4107","post","type-post","status-publish","format-standard","hentry","category-actus"],"_links":{"self":[{"href":"https:\/\/www.amicale-aeap.fr\/word\/wp-json\/wp\/v2\/posts\/4107","targetHints":{"allow":["GET"]}}],"collection":[{"href":"https:\/\/www.amicale-aeap.fr\/word\/wp-json\/wp\/v2\/posts"}],"about":[{"href":"https:\/\/www.amicale-aeap.fr\/word\/wp-json\/wp\/v2\/types\/post"}],"author":[{"embeddable":true,"href":"https:\/\/www.amicale-aeap.fr\/word\/wp-json\/wp\/v2\/users\/1"}],"replies":[{"embeddable":true,"href":"https:\/\/www.amicale-aeap.fr\/word\/wp-json\/wp\/v2\/comments?post=4107"}],"version-history":[{"count":21,"href":"https:\/\/www.amicale-aeap.fr\/word\/wp-json\/wp\/v2\/posts\/4107\/revisions"}],"predecessor-version":[{"id":4285,"href":"https:\/\/www.amicale-aeap.fr\/word\/wp-json\/wp\/v2\/posts\/4107\/revisions\/4285"}],"wp:attachment":[{"href":"https:\/\/www.amicale-aeap.fr\/word\/wp-json\/wp\/v2\/media?parent=4107"}],"wp:term":[{"taxonomy":"category","embeddable":true,"href":"https:\/\/www.amicale-aeap.fr\/word\/wp-json\/wp\/v2\/categories?post=4107"},{"taxonomy":"post_tag","embeddable":true,"href":"https:\/\/www.amicale-aeap.fr\/word\/wp-json\/wp\/v2\/tags?post=4107"}],"curies":[{"name":"wp","href":"https:\/\/api.w.org\/{rel}","templated":true}]}}