{"id":4095,"date":"2014-04-01T18:39:21","date_gmt":"2014-04-01T17:39:21","guid":{"rendered":"http:\/\/www.amicale-aeap.fr\/word\/?p=4095"},"modified":"2019-04-23T15:39:18","modified_gmt":"2019-04-23T14:39:18","slug":"assemblee-generale-resultats-des-elections","status":"publish","type":"post","link":"https:\/\/www.amicale-aeap.fr\/word\/2014\/04\/01\/assemblee-generale-resultats-des-elections\/","title":{"rendered":"Assembl\u00e9e G\u00e9n\u00e9rale 2014 : r\u00e9sultats des \u00e9lections"},"content":{"rendered":"<p>Bonjour,<\/p>\n<p>L&rsquo;Assembl\u00e9e G\u00e9n\u00e9rale de l&rsquo;amicale a eu lieu jeudi. Plus de 50% des amicalistes ont vot\u00e9, le quorum \u00e9tait donc atteint, merci \u00e0 tous.<\/p>\n<p><strong><span style=\"color: #ff6600;\">\u00a0UN GRAND MERCI A NATHALIE, THIERRY, MARIE ET EDITH qui quittent le conseil d&rsquo;administration POUR LE TEMPS PASSE AU SERVICE DE L&rsquo;AMICALE et leur engagement pour vous pendant toutes ces ann\u00e9es !!<\/span><\/strong><\/p>\n<p>Le nouveau conseil d&rsquo;administration est le suivant :<\/p>\n<p>Elus en 2014 :<\/p>\n<p>G\u00e9raldine Aubert<br \/>\nM\u00e9lina Seyman<br \/>\nCatherine Saldo<br \/>\nLo\u00efg M\u00e9t\u00e9ron<br \/>\nPatrice Bizais<br \/>\nVincent Cappelle<br \/>\nSoria Benderradji<\/p>\n<p>Elus en 2013 :<\/p>\n<p>Karine VALLEE<br \/>\nCatherine ZACHARKO<br \/>\nBruno PENISSON<\/p>\n<p>Le nouveau conseil se r\u00e9unira tr\u00e8s prochainement !<\/p>\n<p>&nbsp;<\/p>\n<p>&nbsp;<\/p>\n<p>&nbsp;<\/p>\n<p>&nbsp;<\/p>\n<p>&nbsp;<\/p>\n<p>&nbsp;<\/p>\n<p>&nbsp;<\/p>\n","protected":false},"excerpt":{"rendered":"<p>Bonjour, L&rsquo;Assembl\u00e9e G\u00e9n\u00e9rale de l&rsquo;amicale a eu lieu jeudi. Plus de 50% des amicalistes ont vot\u00e9, le quorum \u00e9tait donc atteint, merci \u00e0 tous. \u00a0UN GRAND MERCI A NATHALIE, THIERRY, MARIE ET EDITH qui quittent le conseil d&rsquo;administration POUR LE TEMPS PASSE AU SERVICE DE L&rsquo;AMICALE et leur engagement pour [&hellip;]<\/p>\n","protected":false},"author":1,"featured_media":0,"comment_status":"open","ping_status":"closed","sticky":false,"template":"","format":"standard","meta":{"footnotes":""},"categories":[1],"tags":[],"class_list":["post-4095","post","type-post","status-publish","format-standard","hentry","category-actus"],"_links":{"self":[{"href":"https:\/\/www.amicale-aeap.fr\/word\/wp-json\/wp\/v2\/posts\/4095","targetHints":{"allow":["GET"]}}],"collection":[{"href":"https:\/\/www.amicale-aeap.fr\/word\/wp-json\/wp\/v2\/posts"}],"about":[{"href":"https:\/\/www.amicale-aeap.fr\/word\/wp-json\/wp\/v2\/types\/post"}],"author":[{"embeddable":true,"href":"https:\/\/www.amicale-aeap.fr\/word\/wp-json\/wp\/v2\/users\/1"}],"replies":[{"embeddable":true,"href":"https:\/\/www.amicale-aeap.fr\/word\/wp-json\/wp\/v2\/comments?post=4095"}],"version-history":[{"count":2,"href":"https:\/\/www.amicale-aeap.fr\/word\/wp-json\/wp\/v2\/posts\/4095\/revisions"}],"predecessor-version":[{"id":7621,"href":"https:\/\/www.amicale-aeap.fr\/word\/wp-json\/wp\/v2\/posts\/4095\/revisions\/7621"}],"wp:attachment":[{"href":"https:\/\/www.amicale-aeap.fr\/word\/wp-json\/wp\/v2\/media?parent=4095"}],"wp:term":[{"taxonomy":"category","embeddable":true,"href":"https:\/\/www.amicale-aeap.fr\/word\/wp-json\/wp\/v2\/categories?post=4095"},{"taxonomy":"post_tag","embeddable":true,"href":"https:\/\/www.amicale-aeap.fr\/word\/wp-json\/wp\/v2\/tags?post=4095"}],"curies":[{"name":"wp","href":"https:\/\/api.w.org\/{rel}","templated":true}]}}