{"id":409,"date":"2011-05-06T13:20:52","date_gmt":"2011-05-06T12:20:52","guid":{"rendered":"http:\/\/www.amicale-aeap.fr\/word\/?p=409"},"modified":"2011-05-06T13:20:52","modified_gmt":"2011-05-06T12:20:52","slug":"assemblee-generale-de-lamicale-17-mai","status":"publish","type":"post","link":"https:\/\/www.amicale-aeap.fr\/word\/2011\/05\/06\/assemblee-generale-de-lamicale-17-mai\/","title":{"rendered":"Assembl\u00e9e g\u00e9n\u00e9rale de l&rsquo;amicale 17 mai"},"content":{"rendered":"<p>La prochaine Assembl\u00e9e G\u00e9n\u00e9rale de l\u2019Amicale aura lieu le <strong>MARDI 17 MAI 2011<\/strong>, \u00e0 15h, dans la salle du restaurant.<\/p>\n<p>Apr\u00e8s l\u2019Assembl\u00e9e G\u00e9n\u00e9rale de l\u2019Amicale, venez f\u00eater l\u2019inauguration de la nouvelle caf\u00e9t\u2019 autour d\u2019un caf\u00e9, d\u2019un th\u00e9 et d\u2019une part de g\u00e2teau fait maison !<!--more--><\/p>\n<p>Conform\u00e9ment aux statuts (article 8), le renouvellement des membres du Conseil aura lieu lors de cette Assembl\u00e9e G\u00e9n\u00e9rale.<\/p>\n<p><strong>5 membres sont sortants\u00a0:<\/strong><\/p>\n<ul>\n<li>Catherine Zacharko<\/li>\n<li>William Gu\u00e9rin<\/li>\n<li>Christopher Hamard<\/li>\n<li>Martine Rymek<\/li>\n<li>Karine Vall\u00e9e<\/li>\n<\/ul>\n<p><strong>4 membres se repr\u00e9sentent :<\/strong><\/p>\n<ul>\n<li>Catherine Zacharko<\/li>\n<li>Christopher Hamard<\/li>\n<li>Martine Rymek<\/li>\n<li>Karine Vall\u00e9e<\/li>\n<\/ul>\n<p><strong>Les nouvelles candidatures au Conseil de l\u2019Amicale sont les bienvenues pour renforcer le conseil.<\/strong><\/p>\n<p><strong>Faites vous conna\u00eetre aupr\u00e8s de Chantal (amicale) Jusqu\u2019au 12 Mai \u00e0 12 heures &#8211; dernier d\u00e9lai.<\/strong><\/p>\n<p>Les personnes absentes le jour du vote pourront donner pouvoir \u00e0 une personne pr\u00e9sente ce jour (limitation \u00e0 2 pouvoirs par personne).<\/p>\n<p>Ordre du jour\u00a0:<\/p>\n<p>&#8211;\u00a0\u00a0\u00a0\u00a0\u00a0\u00a0\u00a0\u00a0 Bilan de l\u2019ann\u00e9e 2010<\/p>\n<p>&#8211;\u00a0\u00a0\u00a0\u00a0\u00a0\u00a0\u00a0\u00a0 approbation des comptes de l\u2019exercice clos avec le Commissaire aux Comptes (KPMG \u2013 M.GAILLARD)<\/p>\n<p>&#8211;\u00a0\u00a0\u00a0\u00a0\u00a0\u00a0\u00a0\u00a0 \u00e9lections des membres du Conseil<\/p>\n<p>&#8211;\u00a0\u00a0\u00a0\u00a0\u00a0\u00a0\u00a0\u00a0 questions diverses<a href=\"http:\/\/www.amicale-aeap.fr\/word\/wp-content\/uploads\/2011\/05\/AG17052011.doc\"><\/a><\/p>\n<p><a href=\"http:\/\/www.amicale-aeap.fr\/word\/wp-content\/uploads\/2011\/05\/AG17052011.doc\">T\u00e9l\u00e9chargez l&rsquo;invitation et le pouvoir : AG17052011<\/a><\/p>\n","protected":false},"excerpt":{"rendered":"<p>La prochaine Assembl\u00e9e G\u00e9n\u00e9rale de l\u2019Amicale aura lieu le MARDI 17 MAI 2011, \u00e0 15h, dans la salle du restaurant. Apr\u00e8s l\u2019Assembl\u00e9e G\u00e9n\u00e9rale de l\u2019Amicale, venez f\u00eater l\u2019inauguration de la nouvelle caf\u00e9t\u2019 autour d\u2019un caf\u00e9, d\u2019un th\u00e9 et d\u2019une part de g\u00e2teau fait maison !<\/p>\n","protected":false},"author":1,"featured_media":0,"comment_status":"open","ping_status":"closed","sticky":false,"template":"","format":"standard","meta":{"footnotes":""},"categories":[1],"tags":[],"class_list":["post-409","post","type-post","status-publish","format-standard","hentry","category-actus"],"_links":{"self":[{"href":"https:\/\/www.amicale-aeap.fr\/word\/wp-json\/wp\/v2\/posts\/409","targetHints":{"allow":["GET"]}}],"collection":[{"href":"https:\/\/www.amicale-aeap.fr\/word\/wp-json\/wp\/v2\/posts"}],"about":[{"href":"https:\/\/www.amicale-aeap.fr\/word\/wp-json\/wp\/v2\/types\/post"}],"author":[{"embeddable":true,"href":"https:\/\/www.amicale-aeap.fr\/word\/wp-json\/wp\/v2\/users\/1"}],"replies":[{"embeddable":true,"href":"https:\/\/www.amicale-aeap.fr\/word\/wp-json\/wp\/v2\/comments?post=409"}],"version-history":[{"count":1,"href":"https:\/\/www.amicale-aeap.fr\/word\/wp-json\/wp\/v2\/posts\/409\/revisions"}],"predecessor-version":[{"id":411,"href":"https:\/\/www.amicale-aeap.fr\/word\/wp-json\/wp\/v2\/posts\/409\/revisions\/411"}],"wp:attachment":[{"href":"https:\/\/www.amicale-aeap.fr\/word\/wp-json\/wp\/v2\/media?parent=409"}],"wp:term":[{"taxonomy":"category","embeddable":true,"href":"https:\/\/www.amicale-aeap.fr\/word\/wp-json\/wp\/v2\/categories?post=409"},{"taxonomy":"post_tag","embeddable":true,"href":"https:\/\/www.amicale-aeap.fr\/word\/wp-json\/wp\/v2\/tags?post=409"}],"curies":[{"name":"wp","href":"https:\/\/api.w.org\/{rel}","templated":true}]}}