{"id":4070,"date":"2014-03-10T19:36:20","date_gmt":"2014-03-10T18:36:20","guid":{"rendered":"http:\/\/www.amicale-aeap.fr\/word\/?p=4070"},"modified":"2014-03-10T19:48:05","modified_gmt":"2014-03-10T18:48:05","slug":"assemblee-generale-27-mars-2014","status":"publish","type":"post","link":"https:\/\/www.amicale-aeap.fr\/word\/2014\/03\/10\/assemblee-generale-27-mars-2014\/","title":{"rendered":"ASSEMBLEE GENERALE 27 mars 2014"},"content":{"rendered":"<p>Bonjour \u00e0 tous,<\/p>\n<p>L&rsquo;Assembl\u00e9e G\u00e9n\u00e9rale de l&rsquo;amicale aura lieu le 27 mars 2014 \u00e0 15h dans la salle du restaurant.<\/p>\n<p>L&rsquo;ordre du jour est le suivant\u00a0 :<\/p>\n<ul>\n<li>\n<p align=\"JUSTIFY\">Approbation des comptes de l\u2019exercice clos (01\/01\/2013 au 31\/12\/2013)<\/p>\n<\/li>\n<li>\n<p align=\"JUSTIFY\">Bilan de l\u2019ann\u00e9e 2013<\/p>\n<\/li>\n<li>\n<p align=\"JUSTIFY\">\u00c9lections des membres du Conseil d&rsquo;Administration<\/p>\n<\/li>\n<li>\n<p align=\"JUSTIFY\">Pr\u00e9visions 2014 et appel \u00e0 projets<\/p>\n<\/li>\n<li>\n<p align=\"JUSTIFY\">Questions diverses<\/p>\n<\/li>\n<\/ul>\n<p><strong>Si vous ne pouvez pas \u00eatre l\u00e0, n&rsquo;oubliez pas de donner votre pouvoir \u00e0 quelqu&rsquo;un !!<\/strong><\/p>\n<p>Le Conseil d\u2019Administration est renouvel\u00e9 par moiti\u00e9 tous les ans. Tout amicaliste qui le souhaiterait peut se pr\u00e9senter aux \u00e9lections du Conseil d&rsquo;Administration. Merci de manifester votre candidature aupr\u00e8s de M\u00e9lina ou par email \u00e0 amicale@amicale-aeap.fr jusqu&rsquo;au 25 mars. La participation au conseil vous permet de vous engager un peu plus pour l&rsquo;amicale et de participer \u00e0 cette grande aventure. L&rsquo;investissement qui vous est demand\u00e9 est \u00e0 minima de participer aux r\u00e9unions du conseil et de proposer de nouvelles id\u00e9es. Chaque activit\u00e9 est organis\u00e9e sur la base du volontariat et du b\u00e9n\u00e9volat \ud83d\ude42<\/p>\n<p>Ci-joint la convocation \u00e0 l&rsquo;Assembl\u00e9e G\u00e9n\u00e9rale avec le pouvoir : <a href=\"http:\/\/www.amicale-aeap.fr\/word\/wp-content\/uploads\/2014\/03\/bulletin_AG-2014.pdf\">bulletin_AG-2014<\/a><\/p>\n<p><strong>Rappel :<\/strong><br \/>\nVous pouvez adh\u00e9rer \u00e0 l&rsquo;amicale pour 2014 <strong>jusqu&rsquo;au 14 mars<\/strong> &#8230;.<a href=\"http:\/\/www.amicale-aeap.fr\/word\/2014\/3950\"> lien vers l&rsquo;article et le bulletin d&rsquo;adh\u00e9sion<\/a>. Nous ne pourrons pas passer r\u00e9colter vos bulletins d&rsquo;adh\u00e9sions, vu la conjoncture actuelle en termes de charge de travail &#8230;., donc nous comptons sur vous tous pour y penser\u00a0 de vous m\u00eame !<\/p>\n<p>Cordialement,<\/p>\n<p>M\u00e9lina<\/p>\n<p>&nbsp;<\/p>\n<p>&nbsp;<\/p>\n<p>&nbsp;<\/p>\n<p>&nbsp;<\/p>\n<p>&nbsp;<\/p>\n<p>&nbsp;<\/p>\n","protected":false},"excerpt":{"rendered":"<p>Bonjour \u00e0 tous, L&rsquo;Assembl\u00e9e G\u00e9n\u00e9rale de l&rsquo;amicale aura lieu le 27 mars 2014 \u00e0 15h dans la salle du restaurant. L&rsquo;ordre du jour est le suivant\u00a0 : Approbation des comptes de l\u2019exercice clos (01\/01\/2013 au 31\/12\/2013) Bilan de l\u2019ann\u00e9e 2013 \u00c9lections des membres du Conseil d&rsquo;Administration Pr\u00e9visions 2014 et appel [&hellip;]<\/p>\n","protected":false},"author":1,"featured_media":4074,"comment_status":"open","ping_status":"closed","sticky":false,"template":"","format":"standard","meta":{"footnotes":""},"categories":[1],"tags":[],"class_list":["post-4070","post","type-post","status-publish","format-standard","has-post-thumbnail","hentry","category-actus"],"_links":{"self":[{"href":"https:\/\/www.amicale-aeap.fr\/word\/wp-json\/wp\/v2\/posts\/4070","targetHints":{"allow":["GET"]}}],"collection":[{"href":"https:\/\/www.amicale-aeap.fr\/word\/wp-json\/wp\/v2\/posts"}],"about":[{"href":"https:\/\/www.amicale-aeap.fr\/word\/wp-json\/wp\/v2\/types\/post"}],"author":[{"embeddable":true,"href":"https:\/\/www.amicale-aeap.fr\/word\/wp-json\/wp\/v2\/users\/1"}],"replies":[{"embeddable":true,"href":"https:\/\/www.amicale-aeap.fr\/word\/wp-json\/wp\/v2\/comments?post=4070"}],"version-history":[{"count":2,"href":"https:\/\/www.amicale-aeap.fr\/word\/wp-json\/wp\/v2\/posts\/4070\/revisions"}],"predecessor-version":[{"id":4075,"href":"https:\/\/www.amicale-aeap.fr\/word\/wp-json\/wp\/v2\/posts\/4070\/revisions\/4075"}],"wp:featuredmedia":[{"embeddable":true,"href":"https:\/\/www.amicale-aeap.fr\/word\/wp-json\/wp\/v2\/media\/4074"}],"wp:attachment":[{"href":"https:\/\/www.amicale-aeap.fr\/word\/wp-json\/wp\/v2\/media?parent=4070"}],"wp:term":[{"taxonomy":"category","embeddable":true,"href":"https:\/\/www.amicale-aeap.fr\/word\/wp-json\/wp\/v2\/categories?post=4070"},{"taxonomy":"post_tag","embeddable":true,"href":"https:\/\/www.amicale-aeap.fr\/word\/wp-json\/wp\/v2\/tags?post=4070"}],"curies":[{"name":"wp","href":"https:\/\/api.w.org\/{rel}","templated":true}]}}