{"id":4043,"date":"2014-02-18T08:58:51","date_gmt":"2014-02-18T07:58:51","guid":{"rendered":"http:\/\/www.amicale-aeap.fr\/word\/?p=4043"},"modified":"2014-02-18T09:01:17","modified_gmt":"2014-02-18T08:01:17","slug":"rappel-journee-vaux-le-vicomte-fin-des-inscriptions-le-21-fevrier-2014","status":"publish","type":"post","link":"https:\/\/www.amicale-aeap.fr\/word\/2014\/02\/18\/rappel-journee-vaux-le-vicomte-fin-des-inscriptions-le-21-fevrier-2014\/","title":{"rendered":"Rappel : journ\u00e9e Vaux Le Vicomte &#8211; Fin des inscriptions le 21 f\u00e9vrier 2014"},"content":{"rendered":"<p>L&rsquo;Amicale vous propose un d\u00e9placement au <a href=\"http:\/\/www.vaux-le-vicomte.com\/\">Ch\u00e2teau de Vaux le Vicomte <\/a>(77) lors du 10\u00e8me anniversaire de la Journ\u00e9e Grand Si\u00e8cle.<\/p>\n<p><a href=\"http:\/\/www.amicale-aeap.fr\/word\/wp-content\/uploads\/2014\/01\/vlv9.jpg\"><img loading=\"lazy\" decoding=\"async\" alt=\"vlv9\" src=\"http:\/\/www.amicale-aeap.fr\/word\/wp-content\/uploads\/2014\/01\/vlv9.jpg\" width=\"200\" height=\"112\" \/><\/a><\/p>\n<p>Le 25 Mai 2014,\u00a0d\u00e9part en\u00a0bus de Douai (7.00h)\u00a0vers ce ch\u00e2teau du XVIIe si\u00e8cle construit pour le surintendant des finances de Louis XIV, Nicolas Fouquet. Vous d\u00e9crouvrirez les jardins de Le Notre, le ch\u00e2teau et ses d\u00e9pendances. Cette journ\u00e9e Grand Si\u00e8cle est le rendez-vous des passionn\u00e9s de costumes de cette \u00e9poque. Ainsi vous passerez la journ\u00e9e entre Marquises et Souverains,&#8230; Il est tout \u00e0 fait possible d&rsquo;y venir en tenue classique ou de se pr\u00eater au jeu en se costumant. Puis retour \u00e0 Douai (20.00h)<\/p>\n<p>Fin des inscriptions le 21 f\u00e9vrier.<\/p>\n<p><a href=\"http:\/\/www.amicale-aeap.fr\/word\/2014\/3945\">http:\/\/www.amicale-aeap.fr\/word\/2014\/3945<\/a><\/p>\n","protected":false},"excerpt":{"rendered":"<p>L&rsquo;Amicale vous propose un d\u00e9placement au Ch\u00e2teau de Vaux le Vicomte (77) lors du 10\u00e8me anniversaire de la Journ\u00e9e Grand Si\u00e8cle. Le 25 Mai 2014,\u00a0d\u00e9part en\u00a0bus de Douai (7.00h)\u00a0vers ce ch\u00e2teau du XVIIe si\u00e8cle construit pour le surintendant des finances de Louis XIV, Nicolas Fouquet. Vous d\u00e9crouvrirez les jardins de [&hellip;]<\/p>\n","protected":false},"author":156,"featured_media":0,"comment_status":"open","ping_status":"closed","sticky":false,"template":"","format":"link","meta":{"footnotes":""},"categories":[1],"tags":[],"class_list":["post-4043","post","type-post","status-publish","format-link","hentry","category-actus","post_format-post-format-link"],"_links":{"self":[{"href":"https:\/\/www.amicale-aeap.fr\/word\/wp-json\/wp\/v2\/posts\/4043","targetHints":{"allow":["GET"]}}],"collection":[{"href":"https:\/\/www.amicale-aeap.fr\/word\/wp-json\/wp\/v2\/posts"}],"about":[{"href":"https:\/\/www.amicale-aeap.fr\/word\/wp-json\/wp\/v2\/types\/post"}],"author":[{"embeddable":true,"href":"https:\/\/www.amicale-aeap.fr\/word\/wp-json\/wp\/v2\/users\/156"}],"replies":[{"embeddable":true,"href":"https:\/\/www.amicale-aeap.fr\/word\/wp-json\/wp\/v2\/comments?post=4043"}],"version-history":[{"count":4,"href":"https:\/\/www.amicale-aeap.fr\/word\/wp-json\/wp\/v2\/posts\/4043\/revisions"}],"predecessor-version":[{"id":4048,"href":"https:\/\/www.amicale-aeap.fr\/word\/wp-json\/wp\/v2\/posts\/4043\/revisions\/4048"}],"wp:attachment":[{"href":"https:\/\/www.amicale-aeap.fr\/word\/wp-json\/wp\/v2\/media?parent=4043"}],"wp:term":[{"taxonomy":"category","embeddable":true,"href":"https:\/\/www.amicale-aeap.fr\/word\/wp-json\/wp\/v2\/categories?post=4043"},{"taxonomy":"post_tag","embeddable":true,"href":"https:\/\/www.amicale-aeap.fr\/word\/wp-json\/wp\/v2\/tags?post=4043"}],"curies":[{"name":"wp","href":"https:\/\/api.w.org\/{rel}","templated":true}]}}