{"id":4033,"date":"2014-02-11T13:57:57","date_gmt":"2014-02-11T12:57:57","guid":{"rendered":"http:\/\/www.amicale-aeap.fr\/word\/?p=4033"},"modified":"2014-05-21T08:30:02","modified_gmt":"2014-05-21T07:30:02","slug":"reunion-de-preparation-des-ria-2014","status":"publish","type":"post","link":"https:\/\/www.amicale-aeap.fr\/word\/2014\/02\/11\/reunion-de-preparation-des-ria-2014\/","title":{"rendered":"R\u00e9union de pr\u00e9paration des RIA 2014"},"content":{"rendered":"<p><strong>Le Br\u00e9sil nous attend !!<\/strong><\/p>\n<p><strong><a href=\"http:\/\/www.amicale-aeap.fr\/word\/wp-content\/uploads\/2014\/02\/03p-carnival-2011-carnaval-do-rio-de-janeiro-rio-de-janeiro-state-of-rio-de-janeiro-brz.jpg\"><img loading=\"lazy\" decoding=\"async\" class=\"alignnone size-medium wp-image-4034\" alt=\"03p-carnival-2011-carnaval-do-rio-de-janeiro-rio-de-janeiro-state-of-rio-de-janeiro-brz\" src=\"http:\/\/www.amicale-aeap.fr\/word\/wp-content\/uploads\/2014\/02\/03p-carnival-2011-carnaval-do-rio-de-janeiro-rio-de-janeiro-state-of-rio-de-janeiro-brz-300x210.jpg\" width=\"300\" height=\"210\" srcset=\"https:\/\/www.amicale-aeap.fr\/word\/wp-content\/uploads\/2014\/02\/03p-carnival-2011-carnaval-do-rio-de-janeiro-rio-de-janeiro-state-of-rio-de-janeiro-brz-300x210.jpg 300w, https:\/\/www.amicale-aeap.fr\/word\/wp-content\/uploads\/2014\/02\/03p-carnival-2011-carnaval-do-rio-de-janeiro-rio-de-janeiro-state-of-rio-de-janeiro-brz-1024x716.jpg 1024w, https:\/\/www.amicale-aeap.fr\/word\/wp-content\/uploads\/2014\/02\/03p-carnival-2011-carnaval-do-rio-de-janeiro-rio-de-janeiro-state-of-rio-de-janeiro-brz.jpg 1200w\" sizes=\"auto, (max-width: 300px) 100vw, 300px\" \/><\/a> <a href=\"http:\/\/www.amicale-aeap.fr\/word\/wp-content\/uploads\/2014\/02\/carnaval-rio-11.jpg\"><img loading=\"lazy\" decoding=\"async\" class=\"alignnone size-medium wp-image-4035\" alt=\"carnaval-rio-11\" src=\"http:\/\/www.amicale-aeap.fr\/word\/wp-content\/uploads\/2014\/02\/carnaval-rio-11-300x225.jpg\" width=\"281\" height=\"208\" \/><\/a><\/strong><\/p>\n<p><strong>Mais avant un bref arr\u00eat par le Moyen \u00c2ge<\/strong><\/p>\n<p><a href=\"http:\/\/www.amicale-aeap.fr\/word\/wp-content\/uploads\/2014\/02\/uvodnyobr.gif\"><img loading=\"lazy\" decoding=\"async\" class=\"alignnone size-medium wp-image-4036\" alt=\"uvodnyobr\" src=\"http:\/\/www.amicale-aeap.fr\/word\/wp-content\/uploads\/2014\/02\/uvodnyobr-286x300.gif\" width=\"286\" height=\"300\" \/><\/a> <a href=\"http:\/\/www.amicale-aeap.fr\/word\/wp-content\/uploads\/2014\/02\/costume_05.jpg\"><img loading=\"lazy\" decoding=\"async\" class=\"alignnone size-medium wp-image-4037\" alt=\"costume_05\" src=\"http:\/\/www.amicale-aeap.fr\/word\/wp-content\/uploads\/2014\/02\/costume_05-290x300.jpg\" width=\"290\" height=\"300\" srcset=\"https:\/\/www.amicale-aeap.fr\/word\/wp-content\/uploads\/2014\/02\/costume_05-290x300.jpg 290w, https:\/\/www.amicale-aeap.fr\/word\/wp-content\/uploads\/2014\/02\/costume_05.jpg 435w\" sizes=\"auto, (max-width: 290px) 100vw, 290px\" \/><\/a><\/p>\n<p><strong>RDV<\/strong><\/p>\n<p><strong>JEUDI 13 FEVRIER 2014 \u00e0 13h<\/strong><\/p>\n<p><strong>SALLE DETENTE<\/strong><\/p>\n<p><strong>NOTEZ LE DANS VOS AGENDAS !!<\/strong><\/p>\n<p>&nbsp;<\/p>\n<p><strong>IL FAUT\u00a0PREPARER LA VICTOIRE !!<\/strong><\/p>\n","protected":false},"excerpt":{"rendered":"<p>Le Br\u00e9sil nous attend !! Mais avant un bref arr\u00eat par le Moyen \u00c2ge RDV JEUDI 13 FEVRIER 2014 \u00e0 13h SALLE DETENTE NOTEZ LE DANS VOS AGENDAS !! &nbsp; IL FAUT\u00a0PREPARER LA VICTOIRE !!<\/p>\n","protected":false},"author":162,"featured_media":0,"comment_status":"open","ping_status":"closed","sticky":false,"template":"","format":"standard","meta":{"footnotes":""},"categories":[1,34],"tags":[],"class_list":["post-4033","post","type-post","status-publish","format-standard","hentry","category-actus","category-rencontres-inter-agences"],"_links":{"self":[{"href":"https:\/\/www.amicale-aeap.fr\/word\/wp-json\/wp\/v2\/posts\/4033","targetHints":{"allow":["GET"]}}],"collection":[{"href":"https:\/\/www.amicale-aeap.fr\/word\/wp-json\/wp\/v2\/posts"}],"about":[{"href":"https:\/\/www.amicale-aeap.fr\/word\/wp-json\/wp\/v2\/types\/post"}],"author":[{"embeddable":true,"href":"https:\/\/www.amicale-aeap.fr\/word\/wp-json\/wp\/v2\/users\/162"}],"replies":[{"embeddable":true,"href":"https:\/\/www.amicale-aeap.fr\/word\/wp-json\/wp\/v2\/comments?post=4033"}],"version-history":[{"count":1,"href":"https:\/\/www.amicale-aeap.fr\/word\/wp-json\/wp\/v2\/posts\/4033\/revisions"}],"predecessor-version":[{"id":4038,"href":"https:\/\/www.amicale-aeap.fr\/word\/wp-json\/wp\/v2\/posts\/4033\/revisions\/4038"}],"wp:attachment":[{"href":"https:\/\/www.amicale-aeap.fr\/word\/wp-json\/wp\/v2\/media?parent=4033"}],"wp:term":[{"taxonomy":"category","embeddable":true,"href":"https:\/\/www.amicale-aeap.fr\/word\/wp-json\/wp\/v2\/categories?post=4033"},{"taxonomy":"post_tag","embeddable":true,"href":"https:\/\/www.amicale-aeap.fr\/word\/wp-json\/wp\/v2\/tags?post=4033"}],"curies":[{"name":"wp","href":"https:\/\/api.w.org\/{rel}","templated":true}]}}