{"id":3967,"date":"2014-01-21T19:00:38","date_gmt":"2014-01-21T18:00:38","guid":{"rendered":"http:\/\/www.amicale-aeap.fr\/word\/?p=3967"},"modified":"2014-01-21T12:01:38","modified_gmt":"2014-01-21T11:01:38","slug":"trois-jours-a-lisbonne-en-octobre","status":"publish","type":"post","link":"https:\/\/www.amicale-aeap.fr\/word\/2014\/01\/21\/trois-jours-a-lisbonne-en-octobre\/","title":{"rendered":"Trois jours \u00e0 Lisbonne en octobre"},"content":{"rendered":"<p style=\"text-align: center;\"><strong>L&rsquo;amicale vous emm\u00e8ne au soleil le temps d&rsquo;un mid-week \u00e0 la Toussaint &#8230; <\/strong><\/p>\n<p style=\"text-align: center;\"><strong>Trois jours \u00e0 Lisbonne, pour d\u00e9couvrir cette magnifique ville ensemble !<\/strong><\/p>\n<p style=\"text-align: center;\">Mid-week 3 jours \u2013 2 nuits<\/p>\n<p style=\"text-align: center;\">Du Lundi 20 au Mercredi 22 Octobre 2014<\/p>\n<p style=\"text-align: center;\">pendant les vacances scolaires<\/p>\n<h2 style=\"text-align: left;\">Au programme<\/h2>\n<p><em>Un programme concoct\u00e9 par nos amicalistes pour allier temps de d\u00e9couverte du Portugal ensemble, dans la convivialit\u00e9 et temps libres pour que chacun suive ses envies.<\/em><\/p>\n<h3>Aller : Bruxelles &#8211; Lisbonne (d\u00e9part 6h15 \u2013 arriv\u00e9e 8h)<\/h3>\n<h3>Jour 1 : Lisbonne centre<\/h3>\n<p>Visite guid\u00e9e de la ville en commen\u00e7ant par le quartier de <strong>Bel\u00e9m<\/strong>, avec la Tour de Bel\u00e9m, le Monument des D\u00e9couvertes et le Monast\u00e8re des Hi\u00e9ronymites (l\u2019\u00e9glise et l\u2019admirable clo\u00eetre).<\/p>\n<p>Ensuite on visitera le <strong>centre ville<\/strong> &#8211; Rossio et la Place du Commerce, en passant par le typique quartier d\u2019Alfama, avec ses rues \u00e9troites et tortueuses (visite \u00e0 pied).<\/p>\n<p>D\u00e9gustation des c\u00e9l\u00e8bres Pasteis de Belem<\/p>\n<p>D\u00e9jeuner dans un restaurant local<\/p>\n<p>Transfert en direction de l\u2019h\u00f4tel 3*** au c\u0153ur de Lisbonne &#8211; H\u00f4tel Olissippo\u00a0 Marques de Sa<\/p>\n<p>Apr\u00e8s-midi libre. D\u00eener libre et nuit \u00e0 l\u2019h\u00f4tel.<\/p>\n<h3>\u00a0Jour 2 : D\u00e9couverte de la r\u00e9gion de Lisbonne<\/h3>\n<p>Petit-d\u00e9jeuner \u00e0 l\u2019h\u00f4tel.<\/p>\n<p>D\u00e9part vers <strong>Mafra<\/strong>, pour visiter l\u2019imposant Couvent Royal, le plus important couvent de style baroque au Portugal. Le couvent comprend une basilique, un palais royal, un couvent franciscain et une important biblioth\u00e8que constitu\u00e9e de plus de 40.000 livres.<\/p>\n<p>Continuation vers <strong>Sintra<\/strong>. Ici, on visitera le Palais Royal de la Ville qui se distingue d\u2019abord par deux chemin\u00e9es g\u00e9antes, coniques, \u00e0 la gloire des cuisines sans doute gargantuesques. Ce Palais porte aussi la marque de diff\u00e9rents styles qui se m\u00e9langent : mauresque, manu\u00e9lin, renaissance.<\/p>\n<p><strong>D\u00e9jeuner traditionnel de cochon de lait<\/strong><\/p>\n<p>Continuation vers Cabo da Roca, le point le plus occidental de l\u2019Europe Continentale.<\/p>\n<p>Retour \u00e0 Lisbonne en passant par Cascais et Estoril, \u00e9l\u00e9gantes stations baln\u00e9aires.<\/p>\n<p><strong>D\u00eener Fado<\/strong> dans une auberge traditionnelle et nuit \u00e0 l\u2019h\u00f4tel<\/p>\n<h3>Jour 3 : Temps libre et retour<\/h3>\n<p>Petit-d\u00e9jeuner \u00e0 l\u2019h\u00f4tel.<\/p>\n<p>Journ\u00e9e libre. Repas libres.<\/p>\n<h3>Retour : Lisbonne &#8211; Bruxelles<\/h3>\n<p>(d\u00e9part 19h55 \u2013 arriv\u00e9e 23h35)<\/p>\n<p>&nbsp;<\/p>\n<h2>\n\t\t<style type=\"text\/css\">\n\t\t\t#gallery-1 {\n\t\t\t\tmargin: auto;\n\t\t\t}\n\t\t\t#gallery-1 .gallery-item {\n\t\t\t\tfloat: left;\n\t\t\t\tmargin-top: 10px;\n\t\t\t\ttext-align: center;\n\t\t\t\twidth: 33%;\n\t\t\t}\n\t\t\t#gallery-1 img {\n\t\t\t\tborder: 2px solid #cfcfcf;\n\t\t\t}\n\t\t\t#gallery-1 .gallery-caption {\n\t\t\t\tmargin-left: 0;\n\t\t\t}\n\t\t\t\/* see gallery_shortcode() in wp-includes\/media.php *\/\n\t\t<\/style>\n\t\t<div id='gallery-1' class='gallery galleryid-3967 gallery-columns-3 gallery-size-thumbnail'><dl class='gallery-item'>\n\t\t\t<dt class='gallery-icon landscape'>\n\t\t\t\t<a href='https:\/\/www.amicale-aeap.fr\/word\/2014\/01\/21\/trois-jours-a-lisbonne-en-octobre\/lisbons-gloria-funicular\/'><img loading=\"lazy\" decoding=\"async\" width=\"150\" height=\"150\" src=\"https:\/\/www.amicale-aeap.fr\/word\/wp-content\/uploads\/2014\/01\/portugal-lisbonne-2-150x150.jpg\" class=\"attachment-thumbnail size-thumbnail\" alt=\"\" \/><\/a>\n\t\t\t<\/dt><\/dl><dl class='gallery-item'>\n\t\t\t<dt class='gallery-icon landscape'>\n\t\t\t\t<a href='https:\/\/www.amicale-aeap.fr\/word\/2014\/01\/21\/trois-jours-a-lisbonne-en-octobre\/lisbonne1\/'><img loading=\"lazy\" decoding=\"async\" width=\"150\" height=\"150\" src=\"https:\/\/www.amicale-aeap.fr\/word\/wp-content\/uploads\/2014\/01\/lisbonne1-150x150.jpg\" class=\"attachment-thumbnail size-thumbnail\" alt=\"\" \/><\/a>\n\t\t\t<\/dt><\/dl>\n\t\t\t<br style='clear: both' \/>\n\t\t<\/div>\n<\/h2>\n<h2>TARIF ET INSCRIPTIONS<\/h2>\n<p><strong>Jusqu&rsquo;au 14 f\u00e9vrier<\/strong><\/p>\n<p><span style=\"text-decoration: underline;\">TARIFS BASE 30 PERSONNES<\/span> <strong>(d\u00e9part de DOUAI)<\/strong><\/p>\n<p>Amicaliste \u00e0 jour de sa cotisation 2014 : 395 \u20ac<br \/>\nExt\u00e9rieur : 595 \u20ac<\/p>\n<p>20 % d\u2019acompte pour validation de l\u2019inscription aupr\u00e8s de Catherine Z<\/p>\n<p><a href=\"http:\/\/www.amicale-aeap.fr\/word\/wp-content\/uploads\/2014\/01\/lisbonne.ppt\">T\u00e9l\u00e9chargez le bulletin d&rsquo;inscription pour Lisbonne<\/a><\/p>\n<p>&nbsp;<\/p>\n","protected":false},"excerpt":{"rendered":"<p>L&rsquo;amicale vous emm\u00e8ne au soleil le temps d&rsquo;un mid-week \u00e0 la Toussaint &#8230; Trois jours \u00e0 Lisbonne, pour d\u00e9couvrir cette magnifique ville ensemble ! Mid-week 3 jours \u2013 2 nuits Du Lundi 20 au Mercredi 22 Octobre 2014 pendant les vacances scolaires Au programme Un programme concoct\u00e9 par nos amicalistes [&hellip;]<\/p>\n","protected":false},"author":1,"featured_media":3969,"comment_status":"open","ping_status":"closed","sticky":false,"template":"","format":"standard","meta":{"footnotes":""},"categories":[1],"tags":[],"class_list":["post-3967","post","type-post","status-publish","format-standard","has-post-thumbnail","hentry","category-actus"],"_links":{"self":[{"href":"https:\/\/www.amicale-aeap.fr\/word\/wp-json\/wp\/v2\/posts\/3967","targetHints":{"allow":["GET"]}}],"collection":[{"href":"https:\/\/www.amicale-aeap.fr\/word\/wp-json\/wp\/v2\/posts"}],"about":[{"href":"https:\/\/www.amicale-aeap.fr\/word\/wp-json\/wp\/v2\/types\/post"}],"author":[{"embeddable":true,"href":"https:\/\/www.amicale-aeap.fr\/word\/wp-json\/wp\/v2\/users\/1"}],"replies":[{"embeddable":true,"href":"https:\/\/www.amicale-aeap.fr\/word\/wp-json\/wp\/v2\/comments?post=3967"}],"version-history":[{"count":6,"href":"https:\/\/www.amicale-aeap.fr\/word\/wp-json\/wp\/v2\/posts\/3967\/revisions"}],"predecessor-version":[{"id":3976,"href":"https:\/\/www.amicale-aeap.fr\/word\/wp-json\/wp\/v2\/posts\/3967\/revisions\/3976"}],"wp:featuredmedia":[{"embeddable":true,"href":"https:\/\/www.amicale-aeap.fr\/word\/wp-json\/wp\/v2\/media\/3969"}],"wp:attachment":[{"href":"https:\/\/www.amicale-aeap.fr\/word\/wp-json\/wp\/v2\/media?parent=3967"}],"wp:term":[{"taxonomy":"category","embeddable":true,"href":"https:\/\/www.amicale-aeap.fr\/word\/wp-json\/wp\/v2\/categories?post=3967"},{"taxonomy":"post_tag","embeddable":true,"href":"https:\/\/www.amicale-aeap.fr\/word\/wp-json\/wp\/v2\/tags?post=3967"}],"curies":[{"name":"wp","href":"https:\/\/api.w.org\/{rel}","templated":true}]}}