{"id":3950,"date":"2014-01-20T09:49:59","date_gmt":"2014-01-20T08:49:59","guid":{"rendered":"http:\/\/www.amicale-aeap.fr\/word\/?p=3950"},"modified":"2014-01-20T09:49:59","modified_gmt":"2014-01-20T08:49:59","slug":"adhesion-2014","status":"publish","type":"post","link":"https:\/\/www.amicale-aeap.fr\/word\/2014\/01\/20\/adhesion-2014\/","title":{"rendered":"Adh\u00e9sion 2014"},"content":{"rendered":"<p>Bonjour \u00e0 toutes et \u00e0 tous,<\/p>\n<p>Pour continuer \u00e0 profiter des voyages, des we coup de point, des journ\u00e9es anim\u00e9es, et des autres avantages de l&rsquo;amicale, pensez \u00e0\u00a0renouveler votre adh\u00e9sion pour cette ann\u00e9e.<\/p>\n<p>Comme l&rsquo;an pass\u00e9, nous avons d\u00e9sign\u00e9 un responsable d\u2019\u00e9tage pour collecter les cotisations.<\/p>\n<p>Sans oublier d&rsquo;imprimer le formulaire d\u2019adh\u00e9sion (disponible sur I:\\Autres Partages\\AMICALE et sur le site de l\u2019amicale)\u00a0pour\u00a0le d\u00e9poser avec votre cotisation par ch\u00e8que de 14 euros aupr\u00e8s du responsable de votre \u00e9tage avant le 28 f\u00e9vrier.<\/p>\n<p><em>Rez de chauss\u00e9e\u00a0: Martine Rymek<br \/>\nPremier \u00e9tage\u00a0: Catherine Zacharko ou Nathalie Demarest<br \/>\nDeuxi\u00e8me \u00e9tage\u00a0: Karine Vall\u00e9e<br \/>\nTroisi\u00e8me \u00e9tage\u00a0: Edith Piraina<br \/>\nQuatri\u00e8me \u00e9tage\u00a0: Bruno Penisson<br \/>\nCinqui\u00e8me \u00e9tage\u00a0: Marie Jarocki<\/em><br \/>\n<em>Retrait\u00e9s et Missions\u00a0: Thierry Jacqmart<\/em><\/p>\n<p><a href=\"http:\/\/www.amicale-aeap.fr\/word\/wp-content\/uploads\/2014\/01\/formulaire_adh\u00e9sion.doc\">formulaire_adh\u00e9sion<\/a><\/p>\n","protected":false},"excerpt":{"rendered":"<p>Bonjour \u00e0 toutes et \u00e0 tous, Pour continuer \u00e0 profiter des voyages, des we coup de point, des journ\u00e9es anim\u00e9es, et des autres avantages de l&rsquo;amicale, pensez \u00e0\u00a0renouveler votre adh\u00e9sion pour cette ann\u00e9e. Comme l&rsquo;an pass\u00e9, nous avons d\u00e9sign\u00e9 un responsable d\u2019\u00e9tage pour collecter les cotisations. Sans oublier d&rsquo;imprimer le [&hellip;]<\/p>\n","protected":false},"author":162,"featured_media":0,"comment_status":"open","ping_status":"closed","sticky":false,"template":"","format":"standard","meta":{"footnotes":""},"categories":[1],"tags":[],"class_list":["post-3950","post","type-post","status-publish","format-standard","hentry","category-actus"],"_links":{"self":[{"href":"https:\/\/www.amicale-aeap.fr\/word\/wp-json\/wp\/v2\/posts\/3950","targetHints":{"allow":["GET"]}}],"collection":[{"href":"https:\/\/www.amicale-aeap.fr\/word\/wp-json\/wp\/v2\/posts"}],"about":[{"href":"https:\/\/www.amicale-aeap.fr\/word\/wp-json\/wp\/v2\/types\/post"}],"author":[{"embeddable":true,"href":"https:\/\/www.amicale-aeap.fr\/word\/wp-json\/wp\/v2\/users\/162"}],"replies":[{"embeddable":true,"href":"https:\/\/www.amicale-aeap.fr\/word\/wp-json\/wp\/v2\/comments?post=3950"}],"version-history":[{"count":4,"href":"https:\/\/www.amicale-aeap.fr\/word\/wp-json\/wp\/v2\/posts\/3950\/revisions"}],"predecessor-version":[{"id":3957,"href":"https:\/\/www.amicale-aeap.fr\/word\/wp-json\/wp\/v2\/posts\/3950\/revisions\/3957"}],"wp:attachment":[{"href":"https:\/\/www.amicale-aeap.fr\/word\/wp-json\/wp\/v2\/media?parent=3950"}],"wp:term":[{"taxonomy":"category","embeddable":true,"href":"https:\/\/www.amicale-aeap.fr\/word\/wp-json\/wp\/v2\/categories?post=3950"},{"taxonomy":"post_tag","embeddable":true,"href":"https:\/\/www.amicale-aeap.fr\/word\/wp-json\/wp\/v2\/tags?post=3950"}],"curies":[{"name":"wp","href":"https:\/\/api.w.org\/{rel}","templated":true}]}}