{"id":3945,"date":"2014-01-17T16:08:45","date_gmt":"2014-01-17T15:08:45","guid":{"rendered":"http:\/\/www.amicale-aeap.fr\/word\/?p=3945"},"modified":"2014-01-20T09:59:44","modified_gmt":"2014-01-20T08:59:44","slug":"vaux-le-vicomte-journee-grand-siecle-25-mai-2014","status":"publish","type":"post","link":"https:\/\/www.amicale-aeap.fr\/word\/2014\/01\/17\/vaux-le-vicomte-journee-grand-siecle-25-mai-2014\/","title":{"rendered":"Vaux Le Vicomte &#8211; Journ\u00e9e Grand Si\u00e8cle &#8211; 25 Mai 2014"},"content":{"rendered":"<p>L&rsquo;Amicale vous propose un d\u00e9placement au <a href=\"http:\/\/www.vaux-le-vicomte.com\/\">Ch\u00e2teau de Vaux le Vicomte <\/a>(77) lors du 10\u00e8me anniversaire de la Journ\u00e9e Grand Si\u00e8cle.<\/p>\n<p><a href=\"http:\/\/www.amicale-aeap.fr\/word\/wp-content\/uploads\/2014\/01\/vlv9.jpg\"><img loading=\"lazy\" decoding=\"async\" class=\"aligncenter size-full wp-image-3941\" alt=\"vlv9\" src=\"http:\/\/www.amicale-aeap.fr\/word\/wp-content\/uploads\/2014\/01\/vlv9.jpg\" width=\"200\" height=\"112\" \/><\/a><\/p>\n<p>Le 25 Mai 2014,\u00a0d\u00e9part en\u00a0bus de Douai (7.00h)\u00a0vers ce ch\u00e2teau du XVIIe si\u00e8cle construit pour le surintendant des finances de Louis XIV, Nicolas Fouquet. Vous d\u00e9crouvrirez les jardins de Le Notre, le ch\u00e2teau et ses d\u00e9pendances. Cette journ\u00e9e Grand Si\u00e8cle est le rendez-vous des passionn\u00e9s de costumes de cette \u00e9poque. Ainsi vous passerez la journ\u00e9e entre Marquises et Souverains,&#8230; Il est tout \u00e0 fait possible d&rsquo;y venir en tenue classique ou de se pr\u00eater au jeu en se costumant. Puis retour \u00e0 Douai (20.00h)<\/p>\n<p><a href=\"http:\/\/www.amicale-aeap.fr\/word\/wp-content\/uploads\/2014\/01\/vlv7.jpg\"><img loading=\"lazy\" decoding=\"async\" class=\"aligncenter size-medium wp-image-3943\" alt=\"Le chateau de Vaux le vicomte\" src=\"http:\/\/www.amicale-aeap.fr\/word\/wp-content\/uploads\/2014\/01\/vlv7-300x199.jpg\" width=\"300\" height=\"199\" srcset=\"https:\/\/www.amicale-aeap.fr\/word\/wp-content\/uploads\/2014\/01\/vlv7-300x199.jpg 300w, https:\/\/www.amicale-aeap.fr\/word\/wp-content\/uploads\/2014\/01\/vlv7-1024x681.jpg 1024w\" sizes=\"auto, (max-width: 300px) 100vw, 300px\" \/><\/a><\/p>\n<p><em>\u00ab\u00a0Un rendez-vous incontournable pour les passionn\u00e9s de costume et de l\u2019atmosph\u00e8re enivrante du 17\u00e8me\u00a0si\u00e8cle. Concours d\u2019\u00e9l\u00e9gance, \u00e9changes de conseils pour la r\u00e9alisation de costumes et d\u00e9jeuners sur l\u2019herbe rythmeront cette journ\u00e9e plac\u00e9e sous le signe de l\u2019esth\u00e9tique et du plaisir.\u00a0\u00bb<\/em><\/p>\n<p>&nbsp;<\/p>\n<p><img loading=\"lazy\" decoding=\"async\" class=\"aligncenter size-medium wp-image-3938\" alt=\"vlv4\" src=\"http:\/\/www.amicale-aeap.fr\/word\/wp-content\/uploads\/2014\/01\/vlv4-300x224.jpg\" width=\"300\" height=\"224\" srcset=\"https:\/\/www.amicale-aeap.fr\/word\/wp-content\/uploads\/2014\/01\/vlv4-300x224.jpg 300w, https:\/\/www.amicale-aeap.fr\/word\/wp-content\/uploads\/2014\/01\/vlv4-1024x768.jpg 1024w\" sizes=\"auto, (max-width: 300px) 100vw, 300px\" \/><\/p>\n<div>\n<p>Lors de la journ\u00e9e, outre la visite, la simple ballade dans les jardins au milieu des visiteurs costum\u00e9s, de nombreuses activit\u00e9s sont organis\u00e9es (balades en cal\u00e8ches, cerfs-volants, combats de capes et d&rsquo;\u00e9p\u00e9es, musique, th\u00e9\u00e2tre&#8230;)<\/p>\n<p>TARIFS\u00a0 (sur une base de 40 personnes : Bus + entr\u00e9e + option repas) :<\/p>\n<p><strong>Option sans repas (pique-nique possible dans les jardins, ou sur les tables pr\u00e9vues) :<\/strong><\/p>\n<p>Adulte :\u00a020.00 (ext\u00e9rieur = 39.50)<\/p>\n<p>Enfant de 6 \u00e0 11 ans : 15.00 (ext\u00e9rieur = 39.50)<\/p>\n<p>Enfant de moins de 6 ans : 10.00 (ext\u00e9rieur = 26.50)<\/p>\n<p><strong>Option avec repas (type self-service) :<\/strong><\/p>\n<p>Adulte :\u00a035.00 (ext\u00e9rieur = 68.2)<\/p>\n<p>Enfant de 6 \u00e0 11 ans :\u00a025.00 (ext\u00e9rieur = 52.90)<\/p>\n<p>Enfant de moins de 6 ans :\u00a020.00 (ext\u00e9rieur = 52.90)<\/p>\n<p><strong>Costumes :<\/strong><\/p>\n<p><strong><span style=\"text-decoration: underline\">Costumes <\/span><\/strong><\/p>\n<ul>\n<li><strong><span style=\"text-decoration: underline\">Il n&rsquo;est pas obligatoire de se costumer, mais cela fait parti du charme de cette journ\u00e9e!<\/span><\/strong><\/li>\n<li>Il est possible de louer des costumes sur place : en 2012, costumes +\/- 60 \u20ac. Pour vous faire une id\u00e9e : <a href=\"http:\/\/www.a1soir.com\/vaux2013\/\">http:\/\/www.a1soir.com\/vaux2013\/<\/a><\/li>\n<li>Il est possible de vous confectionner son propre costume, de le louer dans un autre lieux&#8230;<\/li>\n<\/ul>\n<p>Formulaire d&rsquo;inscription :\u00a0<a href=\"http:\/\/www.amicale-aeap.fr\/word\/wp-content\/uploads\/2014\/01\/VLV_inscription.pdf\">VLV_inscription<\/a>\u00a0(date limite 14 f\u00e9vrier)<\/p>\n<p>\u00a0Pour tous renseignements, ne pas h\u00e9siter \u00e0 me demander : William GUERIN (83.36). J&rsquo;ai test\u00e9 pour vous en 2012!<\/p>\n<p>&nbsp;<\/p>\n<p>&nbsp;<\/p>\n<p><a href=\"http:\/\/www.amicale-aeap.fr\/word\/wp-content\/uploads\/2014\/01\/vlv2.jpg\"><img loading=\"lazy\" decoding=\"async\" class=\"aligncenter size-large wp-image-3936\" alt=\"vlv2\" src=\"http:\/\/www.amicale-aeap.fr\/word\/wp-content\/uploads\/2014\/01\/vlv2-1024x768.jpg\" width=\"550\" height=\"412\" srcset=\"https:\/\/www.amicale-aeap.fr\/word\/wp-content\/uploads\/2014\/01\/vlv2-1024x768.jpg 1024w, https:\/\/www.amicale-aeap.fr\/word\/wp-content\/uploads\/2014\/01\/vlv2-300x225.jpg 300w\" sizes=\"auto, (max-width: 550px) 100vw, 550px\" \/><\/a><\/p>\n<p><a href=\"http:\/\/www.amicale-aeap.fr\/word\/wp-content\/uploads\/2014\/01\/vlv3.jpg\"><img loading=\"lazy\" decoding=\"async\" class=\"aligncenter size-large wp-image-3937\" alt=\"vlv3\" src=\"http:\/\/www.amicale-aeap.fr\/word\/wp-content\/uploads\/2014\/01\/vlv3-1024x670.jpg\" width=\"550\" height=\"359\" srcset=\"https:\/\/www.amicale-aeap.fr\/word\/wp-content\/uploads\/2014\/01\/vlv3-1024x670.jpg 1024w, https:\/\/www.amicale-aeap.fr\/word\/wp-content\/uploads\/2014\/01\/vlv3-300x196.jpg 300w\" sizes=\"auto, (max-width: 550px) 100vw, 550px\" \/><\/a><\/p>\n<p><a href=\"http:\/\/www.amicale-aeap.fr\/word\/wp-content\/uploads\/2014\/01\/vlv10.jpg\"><img loading=\"lazy\" decoding=\"async\" class=\"aligncenter size-medium wp-image-3942\" alt=\"vlv10\" src=\"http:\/\/www.amicale-aeap.fr\/word\/wp-content\/uploads\/2014\/01\/vlv10-300x201.jpg\" width=\"300\" height=\"201\" srcset=\"https:\/\/www.amicale-aeap.fr\/word\/wp-content\/uploads\/2014\/01\/vlv10-300x201.jpg 300w, https:\/\/www.amicale-aeap.fr\/word\/wp-content\/uploads\/2014\/01\/vlv10.jpg 1001w\" sizes=\"auto, (max-width: 300px) 100vw, 300px\" \/><\/a><\/p>\n<p><a href=\"http:\/\/www.amicale-aeap.fr\/word\/wp-content\/uploads\/2014\/01\/vlv6.jpg\"><img loading=\"lazy\" decoding=\"async\" class=\"aligncenter size-large wp-image-3940\" alt=\"vlv6\" src=\"http:\/\/www.amicale-aeap.fr\/word\/wp-content\/uploads\/2014\/01\/vlv6-1024x640.jpg\" width=\"550\" height=\"343\" srcset=\"https:\/\/www.amicale-aeap.fr\/word\/wp-content\/uploads\/2014\/01\/vlv6-1024x640.jpg 1024w, https:\/\/www.amicale-aeap.fr\/word\/wp-content\/uploads\/2014\/01\/vlv6-300x187.jpg 300w, https:\/\/www.amicale-aeap.fr\/word\/wp-content\/uploads\/2014\/01\/vlv6.jpg 1680w\" sizes=\"auto, (max-width: 550px) 100vw, 550px\" \/><\/a><\/p>\n<p><a href=\"http:\/\/www.amicale-aeap.fr\/word\/wp-content\/uploads\/2014\/01\/vlv8.jpg\"><img loading=\"lazy\" decoding=\"async\" class=\"aligncenter size-large wp-image-3944\" alt=\"vlv8\" src=\"http:\/\/www.amicale-aeap.fr\/word\/wp-content\/uploads\/2014\/01\/vlv8-1024x768.jpg\" width=\"550\" height=\"412\" srcset=\"https:\/\/www.amicale-aeap.fr\/word\/wp-content\/uploads\/2014\/01\/vlv8-1024x768.jpg 1024w, https:\/\/www.amicale-aeap.fr\/word\/wp-content\/uploads\/2014\/01\/vlv8-300x225.jpg 300w, https:\/\/www.amicale-aeap.fr\/word\/wp-content\/uploads\/2014\/01\/vlv8.jpg 1280w\" sizes=\"auto, (max-width: 550px) 100vw, 550px\" \/><\/a><\/p>\n<\/div>\n","protected":false},"excerpt":{"rendered":"<p>L&rsquo;Amicale vous propose un d\u00e9placement au Ch\u00e2teau de Vaux le Vicomte (77) lors du 10\u00e8me anniversaire de la Journ\u00e9e Grand Si\u00e8cle. Le 25 Mai 2014,\u00a0d\u00e9part en\u00a0bus de Douai (7.00h)\u00a0vers ce ch\u00e2teau du XVIIe si\u00e8cle construit pour le surintendant des finances de Louis XIV, Nicolas Fouquet. Vous d\u00e9crouvrirez les jardins de [&hellip;]<\/p>\n","protected":false},"author":156,"featured_media":0,"comment_status":"open","ping_status":"closed","sticky":false,"template":"","format":"standard","meta":{"footnotes":""},"categories":[1],"tags":[],"class_list":["post-3945","post","type-post","status-publish","format-standard","hentry","category-actus"],"_links":{"self":[{"href":"https:\/\/www.amicale-aeap.fr\/word\/wp-json\/wp\/v2\/posts\/3945","targetHints":{"allow":["GET"]}}],"collection":[{"href":"https:\/\/www.amicale-aeap.fr\/word\/wp-json\/wp\/v2\/posts"}],"about":[{"href":"https:\/\/www.amicale-aeap.fr\/word\/wp-json\/wp\/v2\/types\/post"}],"author":[{"embeddable":true,"href":"https:\/\/www.amicale-aeap.fr\/word\/wp-json\/wp\/v2\/users\/156"}],"replies":[{"embeddable":true,"href":"https:\/\/www.amicale-aeap.fr\/word\/wp-json\/wp\/v2\/comments?post=3945"}],"version-history":[{"count":6,"href":"https:\/\/www.amicale-aeap.fr\/word\/wp-json\/wp\/v2\/posts\/3945\/revisions"}],"predecessor-version":[{"id":3965,"href":"https:\/\/www.amicale-aeap.fr\/word\/wp-json\/wp\/v2\/posts\/3945\/revisions\/3965"}],"wp:attachment":[{"href":"https:\/\/www.amicale-aeap.fr\/word\/wp-json\/wp\/v2\/media?parent=3945"}],"wp:term":[{"taxonomy":"category","embeddable":true,"href":"https:\/\/www.amicale-aeap.fr\/word\/wp-json\/wp\/v2\/categories?post=3945"},{"taxonomy":"post_tag","embeddable":true,"href":"https:\/\/www.amicale-aeap.fr\/word\/wp-json\/wp\/v2\/tags?post=3945"}],"curies":[{"name":"wp","href":"https:\/\/api.w.org\/{rel}","templated":true}]}}