{"id":3921,"date":"2014-01-08T00:34:02","date_gmt":"2014-01-07T23:34:02","guid":{"rendered":"http:\/\/www.amicale-aeap.fr\/word\/?p=3921"},"modified":"2014-05-21T08:30:02","modified_gmt":"2014-05-21T07:30:02","slug":"ria-2015-on-va-commencer-a-y-reflechir","status":"publish","type":"post","link":"https:\/\/www.amicale-aeap.fr\/word\/2014\/01\/08\/ria-2015-on-va-commencer-a-y-reflechir\/","title":{"rendered":"RIA 2015 : on va commencer \u00e0 y r\u00e9fl\u00e9chir &#8230;"},"content":{"rendered":"<p>Bonjour,<\/p>\n<p>En 2015, Artois-Picardie organise ses Rencontres Inter-Agences. Il est temps de commencer \u00e0 y r\u00e9fl\u00e9chir. L&rsquo;organisation des RIA demande la participation active d&rsquo;un noyau dur d&rsquo;une dizaine de personnes, avec un chef d&rsquo;orchestre, pour pr\u00e9parer l&rsquo;\u00e9v\u00e8nement, puis vers la fin, l&rsquo;implication de tous les b\u00e9n\u00e9voles possibles pour que l&rsquo;\u00e9v\u00e8nement se d\u00e9roule sans accrocs &#8230;. dans la bonne humeur. Il nous faudra aussi des participants, mais pour l&rsquo;instant, nous faisons appel aux organisateurs en herbe.<\/p>\n<p>Pour cr\u00e9er cette premi\u00e8re \u00e9quipe, trouver notre chef d&rsquo;orchestre, et commencer \u00e0 r\u00e9fl\u00e9chir sur la distribution des t\u00e2ches, je vous propose une r\u00e9union <strong>le 16 janvier \u00e0 13h en salle d\u00e9tente au sous-sol<\/strong>. Si vous ne pouvez pas \u00eatre disponible ce jour-l\u00e0, mais souhaitez quand m\u00eame participer, vous pouvez vous signaler ! Nous acceptons toutes les bonnes volont\u00e9s &#8230; (et aussi ceux qui ne sont plus chez nous mais ont un peu de temps libre !).<\/p>\n<p>M\u00e9lina<\/p>\n<p>&nbsp;<\/p>\n","protected":false},"excerpt":{"rendered":"<p>Bonjour, En 2015, Artois-Picardie organise ses Rencontres Inter-Agences. Il est temps de commencer \u00e0 y r\u00e9fl\u00e9chir. L&rsquo;organisation des RIA demande la participation active d&rsquo;un noyau dur d&rsquo;une dizaine de personnes, avec un chef d&rsquo;orchestre, pour pr\u00e9parer l&rsquo;\u00e9v\u00e8nement, puis vers la fin, l&rsquo;implication de tous les b\u00e9n\u00e9voles possibles pour que l&rsquo;\u00e9v\u00e8nement [&hellip;]<\/p>\n","protected":false},"author":1,"featured_media":3923,"comment_status":"open","ping_status":"closed","sticky":false,"template":"","format":"standard","meta":{"footnotes":""},"categories":[1,34],"tags":[],"class_list":["post-3921","post","type-post","status-publish","format-standard","has-post-thumbnail","hentry","category-actus","category-rencontres-inter-agences"],"_links":{"self":[{"href":"https:\/\/www.amicale-aeap.fr\/word\/wp-json\/wp\/v2\/posts\/3921","targetHints":{"allow":["GET"]}}],"collection":[{"href":"https:\/\/www.amicale-aeap.fr\/word\/wp-json\/wp\/v2\/posts"}],"about":[{"href":"https:\/\/www.amicale-aeap.fr\/word\/wp-json\/wp\/v2\/types\/post"}],"author":[{"embeddable":true,"href":"https:\/\/www.amicale-aeap.fr\/word\/wp-json\/wp\/v2\/users\/1"}],"replies":[{"embeddable":true,"href":"https:\/\/www.amicale-aeap.fr\/word\/wp-json\/wp\/v2\/comments?post=3921"}],"version-history":[{"count":2,"href":"https:\/\/www.amicale-aeap.fr\/word\/wp-json\/wp\/v2\/posts\/3921\/revisions"}],"predecessor-version":[{"id":3924,"href":"https:\/\/www.amicale-aeap.fr\/word\/wp-json\/wp\/v2\/posts\/3921\/revisions\/3924"}],"wp:featuredmedia":[{"embeddable":true,"href":"https:\/\/www.amicale-aeap.fr\/word\/wp-json\/wp\/v2\/media\/3923"}],"wp:attachment":[{"href":"https:\/\/www.amicale-aeap.fr\/word\/wp-json\/wp\/v2\/media?parent=3921"}],"wp:term":[{"taxonomy":"category","embeddable":true,"href":"https:\/\/www.amicale-aeap.fr\/word\/wp-json\/wp\/v2\/categories?post=3921"},{"taxonomy":"post_tag","embeddable":true,"href":"https:\/\/www.amicale-aeap.fr\/word\/wp-json\/wp\/v2\/tags?post=3921"}],"curies":[{"name":"wp","href":"https:\/\/api.w.org\/{rel}","templated":true}]}}