{"id":3876,"date":"2013-11-26T12:30:41","date_gmt":"2013-11-26T11:30:41","guid":{"rendered":"http:\/\/www.amicale-aeap.fr\/word\/?p=3876"},"modified":"2013-11-26T11:35:09","modified_gmt":"2013-11-26T10:35:09","slug":"enquete-sur-les-mysteres-de-gayant-quelques-jours-supplementaires-pour-les-inscriptions","status":"publish","type":"post","link":"https:\/\/www.amicale-aeap.fr\/word\/2013\/11\/26\/enquete-sur-les-mysteres-de-gayant-quelques-jours-supplementaires-pour-les-inscriptions\/","title":{"rendered":"Enqu\u00eate sur les Myst\u00e8res de Gayant &#8211; Quelques jours suppl\u00e9mentaires pour les inscriptions"},"content":{"rendered":"<p>Bonjour \u00e0 toutes et \u00e0 tous,<\/p>\n<p>Quelques jours suppl\u00e9mentaires pour les inscriptions de derni\u00e8res minutes nous sont accord\u00e9s..<\/p>\n<p>Vous avez jusqu&rsquo;au <strong>mercredi\u00a04 d\u00e9cembre<\/strong>.<\/p>\n<p>N&rsquo;h\u00e9sitez pas !!<\/p>\n<p>&nbsp;<\/p>\n<p><a href=\"http:\/\/www.amicale-aeap.fr\/word\/wp-content\/uploads\/2013\/09\/sitevf.bmp\"><img decoding=\"async\" class=\"aligncenter\" alt=\"sitevf\" src=\"http:\/\/www.amicale-aeap.fr\/word\/wp-content\/uploads\/2013\/09\/sitevf.bmp\" \/><\/a><\/p>\n<p><strong>Imaginez-vous immerg\u00e9 au c\u0153ur d\u2019un myst\u00e8re qui regorge d\u2019\u00e9nigmes, et c\u2019est \u00e0 vous de r\u00e9soudre l\u2019enqu\u00eate \u2026<\/strong><\/p>\n<p><strong>L\u2019occasion pour vous de partager de bons moments \u00e0 travers la d\u00e9couverte de la ville de Douai.<\/strong><\/p>\n<p><strong>Vous serez l\u2019acteur principal d\u2019un jeu de piste grandeur nature, au cours duquel votre perspicacit\u00e9 et votre esprit de d\u00e9duction vous seront des plus pr\u00e9cieux.<\/strong><\/p>\n<p><strong>A la fois ludique et historique.<\/strong><br \/>\n<strong>Vous pourrez \u00e9guiser votre sixi\u00e8me sens d\u2019enqu\u00eateur, tout en d\u00e9couvrant diff\u00e9rents lieux et monuments de la ville grace \u00e0 votre Road Book.<\/strong><\/p>\n<p><strong>\u00a0A vos loupes\u00a0et \u00e0 bient\u00f4t sur le myst\u00e8re des f\u00eates de Gayant.<\/strong><\/p>\n<p><img loading=\"lazy\" decoding=\"async\" title=\"ACCES INTERDIT\" alt=\"\" src=\"http:\/\/contre-enquete.com\/wp-content\/uploads\/2012\/12\/ACCES-INTERDIT3.png\" width=\"639\" height=\"119\" \/><\/p>\n<h1>\u00a0<\/h1>\n<h1>L\u2019intrigue<\/h1>\n<h2><strong>&#8211; Saison 2013 \u2013 Myst\u00e8re sur les f\u00eates de Gayant &#8211;<br \/>\n<\/strong><\/h2>\n<p>&nbsp;<\/p>\n<p><a href=\"http:\/\/contre-enquete.com\/wp-content\/uploads\/2012\/12\/M.-et-Mme-GAYANT1.jpg\"><img loading=\"lazy\" decoding=\"async\" title=\"M. et Mme GAYANT\" alt=\"\" src=\"http:\/\/contre-enquete.com\/wp-content\/uploads\/2012\/12\/M.-et-Mme-GAYANT1-300x200.jpg\" width=\"322\" height=\"214\" \/><\/a>Nous sommes au lendemain du grand d\u00e9fil\u00e9 traditionnel des f\u00eates de Gayant. Jules Rimet, journaliste r\u00e9put\u00e9 de la r\u00e9gion Douaisienne, va faire une d\u00e9couverte qui va bouleverser sa destin\u00e9e.<\/p>\n<p>&nbsp;<\/p>\n<p>Fatigu\u00e9 par une courte nuit pass\u00e9e dans l\u2019un des troquets de la ville avec ses proches amis, Jules est sur le point de regagner son domicile, alors que le soleil pointe \u00e0 peine le bout de son nez.<\/p>\n<p>&nbsp;<\/p>\n<p><a href=\"http:\/\/contre-enquete.com\/wp-content\/uploads\/2012\/12\/DSC07563.jpg\"><img loading=\"lazy\" decoding=\"async\" title=\"SONY DSC\" alt=\"\" src=\"http:\/\/contre-enquete.com\/wp-content\/uploads\/2012\/12\/DSC07563-300x197.jpg\" width=\"265\" height=\"174\" \/><\/a><\/p>\n<p>Il ne le lui reste que quelques minutes de trajet quand un d\u00e9tail \u00e9tonnant va attirer son attention. La porte du garage du n\u00b0102 de la rue St Nicolas est entrouverte et laisse un vide d\u2019une trentaine de centim\u00e8tres entre le pied du rouleau m\u00e9canique et le sol. Rien de tr\u00e8s anormal mais un tr\u00e8s l\u00e9ger bruit continu qui s\u2019apparente \u00e0 celui d\u2019un ventilateur \u00e9lectrique vient briser le calme plat qui r\u00e9gnait jusqu\u2019alors.<\/p>\n<p>&nbsp;<\/p>\n<p>&nbsp;<\/p>\n<h2><a href=\"http:\/\/contre-enquete.com\/wp-content\/uploads\/2012\/12\/5949409_s2.jpg\"><img loading=\"lazy\" decoding=\"async\" title=\"5949409_s\" alt=\"\" src=\"http:\/\/contre-enquete.com\/wp-content\/uploads\/2012\/12\/5949409_s2-300x199.jpg\" width=\"186\" height=\"123\" \/><\/a><\/h2>\n<p>Le peu de visibilit\u00e9 laiss\u00e9 par la faible ouverture de la porte oblige Jules \u00e0 s\u2019allonger sur le sol, ventre contre terre. A peine le temps de tourner la t\u00eate que ce qu\u2019il voit apparaitre devant ses yeux lui glace le sang et le laisse immobile, presque inerte sur le bitume encore humide.<\/p>\n<p>&nbsp;<\/p>\n<p>&nbsp;<\/p>\n<p>Un corps git sur le sol un couteau plant\u00e9 dans le dos\u00a0! Jules semble identifier un homme v\u00eatu d\u2019un pantalon noir et d\u2019une chemise blanche qui laisse apparaitre une t\u00e2che de sang\u00a0 d\u2019un diam\u00e8tre d\u2019environ 20cm sur le dos. Apr\u00e8s quelques secondes pass\u00e9es sur le sol froid, Jules semble avoir oubli\u00e9 la fatigue et se pose d\u00e9j\u00e0 des dizaines de questions. \u00a0Qui est cet homme\u00a0? Qui l\u2019a tu\u00e9 et pourquoi? Depuis quand est-il l\u00e0\u00a0?<\/p>\n<p>&nbsp;<\/p>\n<p><a href=\"http:\/\/contre-enquete.com\/wp-content\/uploads\/2012\/12\/DSC06735.jpg\"><img loading=\"lazy\" decoding=\"async\" title=\"SONY DSC\" alt=\"\" src=\"http:\/\/contre-enquete.com\/wp-content\/uploads\/2012\/12\/DSC06735-300x159.jpg\" width=\"300\" height=\"159\" \/><\/a><\/p>\n<p>&nbsp;<\/p>\n<p>Certain que la police une fois pr\u00e9venue lui interdirait l\u2019acc\u00e8s \u00e0 la sc\u00e8ne de crime, il d\u00e9cide alors de s\u2019immiscer dans le garage afin de r\u00e9colter quelques informations suppl\u00e9mentaires\u2026<\/p>\n<p><img loading=\"lazy\" decoding=\"async\" title=\"ACCES INTERDIT\" alt=\"\" src=\"http:\/\/contre-enquete.com\/wp-content\/uploads\/2012\/12\/ACCES-INTERDIT3.png\" width=\"639\" height=\"119\" \/><\/p>\n<p>&nbsp;<\/p>\n<p>&nbsp;<\/p>\n<p><b>Tarifs\u00a0:<br \/>\n<\/b><strong>Amicaliste et ayant Droits\u00a0:\u00a04 \u20ac par personne<\/strong><br \/>\n<strong>Enfant de 8 \u00e0 15 ans : 2 \u20ac<br \/>\n<\/strong><strong>Gratuit pour les moins de 8 ans<\/strong><br \/>\n<strong>Ext\u00e9rieur\u00a0:\u00a011,50 \u20ac par personne et 9 \u20ac pour les enfants de plus de 8 ans<\/strong><\/p>\n<p><strong>Inscriptions\u00a0aupr\u00e8s de Catherine SALDO (bureau 517).<\/strong><\/p>\n<p><strong>Bulletin d\u2019inscription : <a href=\"http:\/\/www.amicale-aeap.fr\/word\/wp-content\/uploads\/2013\/10\/INSCRIPTION-CONTRE-ENQUETE1.docx\">INSCRIPTION CONTRE ENQUETE<\/a><\/strong><\/p>\n","protected":false},"excerpt":{"rendered":"<p>Bonjour \u00e0 toutes et \u00e0 tous, Quelques jours suppl\u00e9mentaires pour les inscriptions de derni\u00e8res minutes nous sont accord\u00e9s.. Vous avez jusqu&rsquo;au mercredi\u00a04 d\u00e9cembre. N&rsquo;h\u00e9sitez pas !! &nbsp; Imaginez-vous immerg\u00e9 au c\u0153ur d\u2019un myst\u00e8re qui regorge d\u2019\u00e9nigmes, et c\u2019est \u00e0 vous de r\u00e9soudre l\u2019enqu\u00eate \u2026 L\u2019occasion pour vous de partager de [&hellip;]<\/p>\n","protected":false},"author":162,"featured_media":0,"comment_status":"open","ping_status":"closed","sticky":false,"template":"","format":"standard","meta":{"footnotes":""},"categories":[1],"tags":[],"class_list":["post-3876","post","type-post","status-publish","format-standard","hentry","category-actus"],"_links":{"self":[{"href":"https:\/\/www.amicale-aeap.fr\/word\/wp-json\/wp\/v2\/posts\/3876","targetHints":{"allow":["GET"]}}],"collection":[{"href":"https:\/\/www.amicale-aeap.fr\/word\/wp-json\/wp\/v2\/posts"}],"about":[{"href":"https:\/\/www.amicale-aeap.fr\/word\/wp-json\/wp\/v2\/types\/post"}],"author":[{"embeddable":true,"href":"https:\/\/www.amicale-aeap.fr\/word\/wp-json\/wp\/v2\/users\/162"}],"replies":[{"embeddable":true,"href":"https:\/\/www.amicale-aeap.fr\/word\/wp-json\/wp\/v2\/comments?post=3876"}],"version-history":[{"count":3,"href":"https:\/\/www.amicale-aeap.fr\/word\/wp-json\/wp\/v2\/posts\/3876\/revisions"}],"predecessor-version":[{"id":3879,"href":"https:\/\/www.amicale-aeap.fr\/word\/wp-json\/wp\/v2\/posts\/3876\/revisions\/3879"}],"wp:attachment":[{"href":"https:\/\/www.amicale-aeap.fr\/word\/wp-json\/wp\/v2\/media?parent=3876"}],"wp:term":[{"taxonomy":"category","embeddable":true,"href":"https:\/\/www.amicale-aeap.fr\/word\/wp-json\/wp\/v2\/categories?post=3876"},{"taxonomy":"post_tag","embeddable":true,"href":"https:\/\/www.amicale-aeap.fr\/word\/wp-json\/wp\/v2\/tags?post=3876"}],"curies":[{"name":"wp","href":"https:\/\/api.w.org\/{rel}","templated":true}]}}