{"id":3863,"date":"2013-11-15T18:07:50","date_gmt":"2013-11-15T17:07:50","guid":{"rendered":"http:\/\/www.amicale-aeap.fr\/word\/?p=3863"},"modified":"2013-11-15T18:07:50","modified_gmt":"2013-11-15T17:07:50","slug":"invitation-repas-de-noel-le-13-decembre","status":"publish","type":"post","link":"https:\/\/www.amicale-aeap.fr\/word\/2013\/11\/15\/invitation-repas-de-noel-le-13-decembre\/","title":{"rendered":"Invitation Repas de No\u00ebl le 13 d\u00e9cembre"},"content":{"rendered":"<p style=\"text-align: center;\">L&rsquo;amicale a le plaisir de vous inviter au traditionnel repas de No\u00ebl<\/p>\n<p style=\"text-align: center;\"><strong>le 13 d\u00e9cembre \u00e0 12h30<\/strong><\/p>\n<p style=\"text-align: center;\">dans la salle du restaurant.<\/p>\n<p style=\"text-align: center;\">L\u2019ap\u00e9ritif sera servi \u00e0 12h00.<\/p>\n<p>Veuillez trouver menu et bulletin d&rsquo;inscription dans ce document : <a href=\"http:\/\/www.amicale-aeap.fr\/word\/wp-content\/uploads\/2013\/11\/MENU_REPAS_NOEL.pdf\">MENU_REPAS_NOEL<\/a><\/p>\n<p>&nbsp;<\/p>\n<h1 style=\"text-align: center;\"><a href=\"http:\/\/www.amicale-aeap.fr\/word\/wp-content\/uploads\/2013\/11\/211561separateur_tiram__41_.gif\"><img loading=\"lazy\" decoding=\"async\" class=\"aligncenter size-full wp-image-3872\" alt=\"211561separateur_tiram__41_\" src=\"http:\/\/www.amicale-aeap.fr\/word\/wp-content\/uploads\/2013\/11\/211561separateur_tiram__41_.gif\" width=\"598\" height=\"204\" \/><\/a><\/h1>\n<h1 style=\"text-align: center;\"><strong>Votre menu de No\u00ebl<\/strong><\/h1>\n<p style=\"text-align: center;\"><strong>Buffet de verrines et zakouskis<\/strong><br \/>\n<strong> Buffet d\u2019entr\u00e9es chaudes<\/strong><\/p>\n<p style=\"text-align: center;\"><strong>Pav\u00e9 de cabillaud sauce aux \u00e9crevisses<\/strong><br \/>\n<strong> Pomme Anna<\/strong><br \/>\n<strong> Flan de l\u00e9gumes<\/strong><br \/>\n<strong> Fagot de haricots<\/strong><br \/>\n<strong> Ou<\/strong><br \/>\n<strong> Supr\u00eame de poulet farci sauce champ\u00eatre<\/strong><br \/>\n<strong> Galette de pomme de terre<\/strong><br \/>\n<strong> Flan de l\u00e9gumes<\/strong><br \/>\n<strong> Fagot de haricots verts lard\u00e9<\/strong><\/p>\n<p style=\"text-align: center;\"><strong>Plateau de fromages affin\u00e9s<\/strong><br \/>\n<strong> et ses pains aux noix et aux c\u00e9r\u00e9ales bio<\/strong><\/p>\n<p style=\"text-align: center;\"><strong>Vacherin \u00e0 la vanille et coulis de framboises<\/strong><\/p>\n<p style=\"text-align: center;\"><strong>Caf\u00e9 et th\u00e9<\/strong><\/p>\n","protected":false},"excerpt":{"rendered":"<p>L&rsquo;amicale a le plaisir de vous inviter au traditionnel repas de No\u00ebl le 13 d\u00e9cembre \u00e0 12h30 dans la salle du restaurant. L\u2019ap\u00e9ritif sera servi \u00e0 12h00. Veuillez trouver menu et bulletin d&rsquo;inscription dans ce document : MENU_REPAS_NOEL &nbsp; Votre menu de No\u00ebl Buffet de verrines et zakouskis Buffet d\u2019entr\u00e9es [&hellip;]<\/p>\n","protected":false},"author":1,"featured_media":0,"comment_status":"open","ping_status":"closed","sticky":false,"template":"","format":"standard","meta":{"footnotes":""},"categories":[1],"tags":[],"class_list":["post-3863","post","type-post","status-publish","format-standard","hentry","category-actus"],"_links":{"self":[{"href":"https:\/\/www.amicale-aeap.fr\/word\/wp-json\/wp\/v2\/posts\/3863","targetHints":{"allow":["GET"]}}],"collection":[{"href":"https:\/\/www.amicale-aeap.fr\/word\/wp-json\/wp\/v2\/posts"}],"about":[{"href":"https:\/\/www.amicale-aeap.fr\/word\/wp-json\/wp\/v2\/types\/post"}],"author":[{"embeddable":true,"href":"https:\/\/www.amicale-aeap.fr\/word\/wp-json\/wp\/v2\/users\/1"}],"replies":[{"embeddable":true,"href":"https:\/\/www.amicale-aeap.fr\/word\/wp-json\/wp\/v2\/comments?post=3863"}],"version-history":[{"count":7,"href":"https:\/\/www.amicale-aeap.fr\/word\/wp-json\/wp\/v2\/posts\/3863\/revisions"}],"predecessor-version":[{"id":3874,"href":"https:\/\/www.amicale-aeap.fr\/word\/wp-json\/wp\/v2\/posts\/3863\/revisions\/3874"}],"wp:attachment":[{"href":"https:\/\/www.amicale-aeap.fr\/word\/wp-json\/wp\/v2\/media?parent=3863"}],"wp:term":[{"taxonomy":"category","embeddable":true,"href":"https:\/\/www.amicale-aeap.fr\/word\/wp-json\/wp\/v2\/categories?post=3863"},{"taxonomy":"post_tag","embeddable":true,"href":"https:\/\/www.amicale-aeap.fr\/word\/wp-json\/wp\/v2\/tags?post=3863"}],"curies":[{"name":"wp","href":"https:\/\/api.w.org\/{rel}","templated":true}]}}