{"id":3813,"date":"2013-11-06T09:09:54","date_gmt":"2013-11-06T08:09:54","guid":{"rendered":"http:\/\/www.amicale-aeap.fr\/word\/?p=3813"},"modified":"2013-11-06T09:09:54","modified_gmt":"2013-11-06T08:09:54","slug":"cycle-de-conferences-sur-le-danger-des-ecrans","status":"publish","type":"post","link":"https:\/\/www.amicale-aeap.fr\/word\/2013\/11\/06\/cycle-de-conferences-sur-le-danger-des-ecrans\/","title":{"rendered":"Cycle de conf\u00e9rences sur le danger des \u00e9crans."},"content":{"rendered":"<div>L&rsquo;association des parents d&rsquo;\u00e9l\u00e8ves de l&rsquo;\u00e9cole Fontellaye\/Bufquin de Douai propose un cycle de deux conf\u00e9rences sur le danger des \u00e9crans (documents ci-dessous). Ces conf\u00e9rences sont destin\u00e9es uniquement aux parents et l&rsquo;entr\u00e9e est libre.<\/div>\n<div><\/div>\n<div><a href=\"http:\/\/www.amicale-aeap.fr\/word\/wp-content\/uploads\/2013\/11\/affiche-conf\u00e9rence.pdf\">Affiche des conf\u00e9rences<\/a><\/div>\n<div><\/div>\n<div><a href=\"http:\/\/www.amicale-aeap.fr\/word\/wp-content\/uploads\/2013\/11\/flyer-bis.pdf\">Flyer des conf\u00e9rences<\/a><\/div>\n<div><\/div>\n<div>Pour plus d&rsquo;informations, contacter Estelle.<\/div>\n<div><\/div>\n<div><a href=\"http:\/\/www.amicale-aeap.fr\/word\/wp-content\/uploads\/2013\/11\/conference1.jpg\"><img loading=\"lazy\" decoding=\"async\" class=\"alignleft size-full wp-image-3819\" alt=\"conference\" src=\"http:\/\/www.amicale-aeap.fr\/word\/wp-content\/uploads\/2013\/11\/conference1.jpg\" width=\"400\" height=\"556\" srcset=\"https:\/\/www.amicale-aeap.fr\/word\/wp-content\/uploads\/2013\/11\/conference1.jpg 400w, https:\/\/www.amicale-aeap.fr\/word\/wp-content\/uploads\/2013\/11\/conference1-215x300.jpg 215w\" sizes=\"auto, (max-width: 400px) 100vw, 400px\" \/><\/a><\/div>\n","protected":false},"excerpt":{"rendered":"<p>L&rsquo;association des parents d&rsquo;\u00e9l\u00e8ves de l&rsquo;\u00e9cole Fontellaye\/Bufquin de Douai propose un cycle de deux conf\u00e9rences sur le danger des \u00e9crans (documents ci-dessous). Ces conf\u00e9rences sont destin\u00e9es uniquement aux parents et l&rsquo;entr\u00e9e est libre. Affiche des conf\u00e9rences Flyer des conf\u00e9rences Pour plus d&rsquo;informations, contacter Estelle.<\/p>\n","protected":false},"author":1,"featured_media":0,"comment_status":"open","ping_status":"closed","sticky":false,"template":"","format":"standard","meta":{"footnotes":""},"categories":[1],"tags":[],"class_list":["post-3813","post","type-post","status-publish","format-standard","hentry","category-actus"],"_links":{"self":[{"href":"https:\/\/www.amicale-aeap.fr\/word\/wp-json\/wp\/v2\/posts\/3813","targetHints":{"allow":["GET"]}}],"collection":[{"href":"https:\/\/www.amicale-aeap.fr\/word\/wp-json\/wp\/v2\/posts"}],"about":[{"href":"https:\/\/www.amicale-aeap.fr\/word\/wp-json\/wp\/v2\/types\/post"}],"author":[{"embeddable":true,"href":"https:\/\/www.amicale-aeap.fr\/word\/wp-json\/wp\/v2\/users\/1"}],"replies":[{"embeddable":true,"href":"https:\/\/www.amicale-aeap.fr\/word\/wp-json\/wp\/v2\/comments?post=3813"}],"version-history":[{"count":3,"href":"https:\/\/www.amicale-aeap.fr\/word\/wp-json\/wp\/v2\/posts\/3813\/revisions"}],"predecessor-version":[{"id":3820,"href":"https:\/\/www.amicale-aeap.fr\/word\/wp-json\/wp\/v2\/posts\/3813\/revisions\/3820"}],"wp:attachment":[{"href":"https:\/\/www.amicale-aeap.fr\/word\/wp-json\/wp\/v2\/media?parent=3813"}],"wp:term":[{"taxonomy":"category","embeddable":true,"href":"https:\/\/www.amicale-aeap.fr\/word\/wp-json\/wp\/v2\/categories?post=3813"},{"taxonomy":"post_tag","embeddable":true,"href":"https:\/\/www.amicale-aeap.fr\/word\/wp-json\/wp\/v2\/tags?post=3813"}],"curies":[{"name":"wp","href":"https:\/\/api.w.org\/{rel}","templated":true}]}}