{"id":369,"date":"2011-03-15T19:00:31","date_gmt":"2011-03-15T18:00:31","guid":{"rendered":"http:\/\/www.amicale-aeap.fr\/word\/?p=369"},"modified":"2011-04-15T09:41:51","modified_gmt":"2011-04-15T08:41:51","slug":"escapade-a-berlin","status":"publish","type":"post","link":"https:\/\/www.amicale-aeap.fr\/word\/2011\/03\/15\/escapade-a-berlin\/","title":{"rendered":"Escapade \u00e0 Berlin"},"content":{"rendered":"<p><a href=\"http:\/\/www.amicale-aeap.fr\/word\/wp-content\/uploads\/2011\/04\/Berlin_brandebourg_tor.jpg\"><img loading=\"lazy\" decoding=\"async\" class=\"alignleft size-medium wp-image-370\" title=\"Berlin Brandebourg Tor\" src=\"http:\/\/www.amicale-aeap.fr\/word\/wp-content\/uploads\/2011\/04\/Berlin_brandebourg_tor-300x200.jpg\" alt=\"\" width=\"300\" height=\"200\" srcset=\"https:\/\/www.amicale-aeap.fr\/word\/wp-content\/uploads\/2011\/04\/Berlin_brandebourg_tor-300x200.jpg 300w, https:\/\/www.amicale-aeap.fr\/word\/wp-content\/uploads\/2011\/04\/Berlin_brandebourg_tor.jpg 744w\" sizes=\"auto, (max-width: 300px) 100vw, 300px\" \/><\/a> Ich bin ein Berliner &#8230;<\/p>\n<p>Du 28 au 31 octobre 2011, quelques uns d&rsquo;entre nous auront la joie de se promener dans les rues de la magnifique Berlin (prononcez Berline !). Cette ville est la capitale la plus verte d&rsquo;Europe, ses grandes avenues a\u00e9r\u00e9es sont le lieu de promenade privil\u00e9gi\u00e9 des berlinois. \u00ab\u00a0Sa l\u00e9gendaire vie nocturne et son ambiance d\u00e9contract\u00e9e font de Berlin une destination appr\u00e9ci\u00e9e des voyageurs du monde entier.\u00a0\u00bb<\/p>\n<p>Nous esp\u00e9rons bien que ceux qui partent reviendront avec des anecdotes et des photos \u00e0 partager !<\/p>\n<p>&nbsp;<\/p>\n","protected":false},"excerpt":{"rendered":"<p>Ich bin ein Berliner &#8230; Du 28 au 31 octobre 2011, quelques uns d&rsquo;entre nous auront la joie de se promener dans les rues de la magnifique Berlin (prononcez Berline !). Cette ville est la capitale la plus verte d&rsquo;Europe, ses grandes avenues a\u00e9r\u00e9es sont le lieu de promenade privil\u00e9gi\u00e9 [&hellip;]<\/p>\n","protected":false},"author":1,"featured_media":0,"comment_status":"open","ping_status":"open","sticky":false,"template":"","format":"standard","meta":{"footnotes":""},"categories":[4],"tags":[],"class_list":["post-369","post","type-post","status-publish","format-standard","hentry","category-sorties"],"_links":{"self":[{"href":"https:\/\/www.amicale-aeap.fr\/word\/wp-json\/wp\/v2\/posts\/369","targetHints":{"allow":["GET"]}}],"collection":[{"href":"https:\/\/www.amicale-aeap.fr\/word\/wp-json\/wp\/v2\/posts"}],"about":[{"href":"https:\/\/www.amicale-aeap.fr\/word\/wp-json\/wp\/v2\/types\/post"}],"author":[{"embeddable":true,"href":"https:\/\/www.amicale-aeap.fr\/word\/wp-json\/wp\/v2\/users\/1"}],"replies":[{"embeddable":true,"href":"https:\/\/www.amicale-aeap.fr\/word\/wp-json\/wp\/v2\/comments?post=369"}],"version-history":[{"count":1,"href":"https:\/\/www.amicale-aeap.fr\/word\/wp-json\/wp\/v2\/posts\/369\/revisions"}],"predecessor-version":[{"id":371,"href":"https:\/\/www.amicale-aeap.fr\/word\/wp-json\/wp\/v2\/posts\/369\/revisions\/371"}],"wp:attachment":[{"href":"https:\/\/www.amicale-aeap.fr\/word\/wp-json\/wp\/v2\/media?parent=369"}],"wp:term":[{"taxonomy":"category","embeddable":true,"href":"https:\/\/www.amicale-aeap.fr\/word\/wp-json\/wp\/v2\/categories?post=369"},{"taxonomy":"post_tag","embeddable":true,"href":"https:\/\/www.amicale-aeap.fr\/word\/wp-json\/wp\/v2\/tags?post=369"}],"curies":[{"name":"wp","href":"https:\/\/api.w.org\/{rel}","templated":true}]}}