{"id":3561,"date":"2013-09-06T17:51:34","date_gmt":"2013-09-06T16:51:34","guid":{"rendered":"http:\/\/www.amicale-aeap.fr\/word\/?p=3561"},"modified":"2013-09-11T18:45:37","modified_gmt":"2013-09-11T17:45:37","slug":"retour-sur-les-ria","status":"publish","type":"post","link":"https:\/\/www.amicale-aeap.fr\/word\/2013\/09\/06\/retour-sur-les-ria\/","title":{"rendered":"Retour sur les RIA"},"content":{"rendered":"<p>Stagiaire \u00e0 l\u2019Agence depuis peu, les Karellis \u00e9taient mes premi\u00e8res Rencontres Inter-Agence. Elles \u00e9taient organis\u00e9es cette ann\u00e9e 2013 par l\u2019Agence Rh\u00f4ne M\u00e9diterran\u00e9e Corse. Lorsqu\u2019on m\u2019en a parl\u00e9 pour la premi\u00e8re fois je me suis demand\u00e9e mais qu\u2019est ce que c\u2019est\u00a0! Un s\u00e9minaire sur le th\u00e8me de l\u2019eau, un colloque sur la planification de la DCE\u00a0! Et quand on m\u2019a dit que ma participation comptait dans mon \u00e9valuation de stage j\u2019ai tout de suite dit oui\u00a0! Bien sur je plaisante\u00a0!<\/p>\n<p><a href=\"http:\/\/www.amicale-aeap.fr\/word\/wp-content\/uploads\/2013\/08\/zombie-zounours.jpg\"><img loading=\"lazy\" decoding=\"async\" class=\"alignright size-medium wp-image-3571\" alt=\"zombie zounours\" src=\"http:\/\/www.amicale-aeap.fr\/word\/wp-content\/uploads\/2013\/08\/zombie-zounours-200x300.jpg\" width=\"200\" height=\"300\" srcset=\"https:\/\/www.amicale-aeap.fr\/word\/wp-content\/uploads\/2013\/08\/zombie-zounours-200x300.jpg 200w, https:\/\/www.amicale-aeap.fr\/word\/wp-content\/uploads\/2013\/08\/zombie-zounours-682x1024.jpg 682w, https:\/\/www.amicale-aeap.fr\/word\/wp-content\/uploads\/2013\/08\/zombie-zounours.jpg 1988w\" sizes=\"auto, (max-width: 200px) 100vw, 200px\" \/><\/a>J\u2019ai donc \u00e9t\u00e9 embarqu\u00e9e dans cette aventure qui d\u00e9buta tout d\u2019abord par la r\u00e9alisation d\u2019un court m\u00e9trage sur le th\u00e8me des\u2026.zombies\u00a0! Apr\u00e8s la n\u00e9gociation de nos cachets d\u2019acteurs, la soir\u00e9e de r\u00e9alisation a pu d\u00e9buter par une s\u00e9ance de maquillage pour se mettre dans la peau de notre personnage\u2026le zombie. Le zombie n\u2019est pas un r\u00f4le \u00e0 prendre \u00e0 la l\u00e9g\u00e8re et chacun a su se mettre dans la peau de son personnage. Nous avons su en peu de temps r\u00e9aliser ce qui allait devenir un classique du genre. Un autre travail pr\u00e9paratoire consistait \u00e0 confectionner une poup\u00e9e vaudou. C\u2019est comme \u00e7a que le fameux zombie zounours est n\u00e9\u00a0! Fusion improbable entre un nounours et un zombie.<\/p>\n<p>&nbsp;<\/p>\n<p>Apr\u00e8s ces figures impos\u00e9es, d\u00e9part Vendredi 28 juin de bonne heure et de bonne humeur de la gare de Lille direction Lyon notre premi\u00e8re \u00e9tape vers les Karellis. A Lyon nous avons pris le bus vers notre destination. Attention les Karellis nous voila\u00a0!<\/p>\n<p>Arriv\u00e9s en haut de la station nous sommes tout d\u2019abord accueillis par des organisateurs survolt\u00e9s\u00a0! Pendant la c\u00e9r\u00e9monie d\u2019ouverture nous nous sommes retrouv\u00e9s pendant quelques secondes en nouvelle Z\u00e9lande lors d\u2019un hakka de bienvenue <a href=\"http:\/\/www.amicale-aeap.fr\/word\/wp-content\/uploads\/2013\/08\/MG_0050.jpg\"><img loading=\"lazy\" decoding=\"async\" class=\"alignleft size-medium wp-image-3565\" alt=\"_MG_0050\" src=\"http:\/\/www.amicale-aeap.fr\/word\/wp-content\/uploads\/2013\/08\/MG_0050-300x200.jpg\" width=\"300\" height=\"200\" srcset=\"https:\/\/www.amicale-aeap.fr\/word\/wp-content\/uploads\/2013\/08\/MG_0050-300x200.jpg 300w, https:\/\/www.amicale-aeap.fr\/word\/wp-content\/uploads\/2013\/08\/MG_0050-1024x682.jpg 1024w, https:\/\/www.amicale-aeap.fr\/word\/wp-content\/uploads\/2013\/08\/MG_0050.jpg 1947w\" sizes=\"auto, (max-width: 300px) 100vw, 300px\" \/><\/a>. D\u00e9j\u00e0 la convoitise du pr\u00e9cieux bouclier \u00e9tait palpable dans la foule\u00a0!!Un discours s\u2019ensuivit pour nous mettre en garde contre la magie vaudou qui frappait la montagne suite \u00e0 l\u2019accident d\u2019avion d\u2019un fran\u00e7ais qui ramenait dans sa soute une poup\u00e9e vaudou\u00a0!<\/p>\n<p>Un weekend end qui commen\u00e7ait si bien!!<\/p>\n<p>Apr\u00e8s nous \u00eatre restaur\u00e9s nous avons pu commencer les activit\u00e9s. Remont\u00e9s \u00e0 bloc, les groupes se sont dispatch\u00e9s dans la station qui \u00e9tait enti\u00e8rement \u00e0 nous. Ce fut sous un soleil un peu timide que chaque activit\u00e9 comme la sculpture sur past\u00e8que s\u2019est d\u00e9roul\u00e9e sous l\u2019\u0153il avis\u00e9 des juges incorruptibles et intraitables\u00a0!<a href=\"http:\/\/www.amicale-aeap.fr\/word\/wp-content\/uploads\/2013\/08\/IMG_0077.jpg\"><img loading=\"lazy\" decoding=\"async\" class=\"alignright size-medium wp-image-3568\" alt=\"IMG_0077\" src=\"http:\/\/www.amicale-aeap.fr\/word\/wp-content\/uploads\/2013\/08\/IMG_0077-300x199.jpg\" width=\"300\" height=\"199\" srcset=\"https:\/\/www.amicale-aeap.fr\/word\/wp-content\/uploads\/2013\/08\/IMG_0077-300x199.jpg 300w, https:\/\/www.amicale-aeap.fr\/word\/wp-content\/uploads\/2013\/08\/IMG_0077-1024x682.jpg 1024w\" sizes=\"auto, (max-width: 300px) 100vw, 300px\" \/><\/a><\/p>\n<p>Nous nous sommes retrouv\u00e9s pour la soir\u00e9e Montagnarde o\u00f9 toutes les \u00e9quipes ont fait preuve de beaucoup d\u2019imagination comme Rhin Meuse qui a choisi comme th\u00e8me les \u00ab\u00a0Russes \u00e0 la Montagne\u00a0\u00bb. Florent se souviendra longtemps de son 30<sup>\u00e8me<\/sup> anniversaire puisque une nu\u00e9e de bisous s\u2019est abattue sur lui comme les oiseaux d\u2019Hitchcock\u00a0!!L\u2019ambiance de la soir\u00e9e a \u00e9t\u00e9 comme l\u2019apr\u00e8s midi chaleureuse et conviviale. Mais il faut quand m\u00eame avouer que la tenue de montagnard n\u2019est pas la plus adapt\u00e9e pour une soir\u00e9e.<\/p>\n<p>Les activit\u00e9s du samedi avaient pour th\u00e8me principal l\u2019horreur. L\u2019animation a regorg\u00e9 d\u2019id\u00e9es pour d\u00e9cliner ce th\u00e8me en quizz musical, m\u00e9mo mais aussi jeux d\u2019adresse. Les \u00e9quipes ont d\u00fb faire preuve de coordination et de solidarit\u00e9 <a href=\"http:\/\/www.amicale-aeap.fr\/word\/wp-content\/uploads\/2013\/08\/MG_0097.jpg\"><img loading=\"lazy\" decoding=\"async\" class=\"alignleft size-medium wp-image-3567\" alt=\"_MG_0097\" src=\"http:\/\/www.amicale-aeap.fr\/word\/wp-content\/uploads\/2013\/08\/MG_0097-300x200.jpg\" width=\"300\" height=\"200\" srcset=\"https:\/\/www.amicale-aeap.fr\/word\/wp-content\/uploads\/2013\/08\/MG_0097-300x200.jpg 300w, https:\/\/www.amicale-aeap.fr\/word\/wp-content\/uploads\/2013\/08\/MG_0097-1024x682.jpg 1024w\" sizes=\"auto, (max-width: 300px) 100vw, 300px\" \/><\/a>comme en t\u00e9moignent les photos. M\u00eame le temps avait d\u00e9cid\u00e9 de jouer la carte de l\u2019horreur\u00a0: pluie, petite brise montagnarde nous soutenaient dans les activit\u00e9s\u00a0! Les bruits couraient que c\u2019\u00e9tait un coup de l\u2019Agence Adour-Garonne. Mais au fait j\u2019y pense o\u00f9 sont pass\u00e9es les brochettes\u00a0!!<\/p>\n<p>Pour la soir\u00e9e du samedi notre th\u00e8me \u00e9tait comme vous avez pu l\u2019imaginer les zombies. Notre entr\u00e9e en zombie sur une marche nuptiale macabre a fait son petit effet\u00a0! L\u2019annonce des r\u00e9sultats \u00e9tait attendue avec f\u00e9brilit\u00e9 dans une salle magnifiquement d\u00e9cor\u00e9e d\u2019araign\u00e9es, de chauves-souris et autres animaux de la nuit\u00a0! Et ces RIA ont vu la victoire de l\u2019Agence Seine Normandie. Une victoire \u00e9crasante des violets qui n\u2019ont pas vol\u00e9 le bouclier\u00a0! La soir\u00e9e qui s\u2019ensuivit fut diaboliquement r\u00e9ussie, les costumes \u00e9taient magnifiques et la f\u00eate a battu son plein jusqu\u2019\u00e0 ce que la traditionnelle soupe \u00e0 l\u2019oignon nous remotive au petit matin.<a href=\"http:\/\/www.amicale-aeap.fr\/word\/wp-content\/uploads\/2013\/08\/IMG_0285.jpg\"><img loading=\"lazy\" decoding=\"async\" class=\"aligncenter size-large wp-image-3570\" alt=\"IMG_0285\" src=\"http:\/\/www.amicale-aeap.fr\/word\/wp-content\/uploads\/2013\/08\/IMG_0285-1024x682.jpg\" width=\"620\" height=\"412\" srcset=\"https:\/\/www.amicale-aeap.fr\/word\/wp-content\/uploads\/2013\/08\/IMG_0285-1024x682.jpg 1024w, https:\/\/www.amicale-aeap.fr\/word\/wp-content\/uploads\/2013\/08\/IMG_0285-300x200.jpg 300w\" sizes=\"auto, (max-width: 620px) 100vw, 620px\" \/><\/a><\/p>\n<p><a href=\"http:\/\/www.amicale-aeap.fr\/word\/wp-content\/uploads\/2013\/08\/MG_0040.jpg\"><img loading=\"lazy\" decoding=\"async\" class=\"alignright size-medium wp-image-3564\" alt=\"_MG_0040\" src=\"http:\/\/www.amicale-aeap.fr\/word\/wp-content\/uploads\/2013\/08\/MG_0040-300x200.jpg\" width=\"300\" height=\"200\" srcset=\"https:\/\/www.amicale-aeap.fr\/word\/wp-content\/uploads\/2013\/08\/MG_0040-300x200.jpg 300w, https:\/\/www.amicale-aeap.fr\/word\/wp-content\/uploads\/2013\/08\/MG_0040-1024x682.jpg 1024w\" sizes=\"auto, (max-width: 300px) 100vw, 300px\" \/><\/a>Dimanche, apr\u00e8s quelques heures de sommeil nous voil\u00e0 repartis vers Lille avec des souvenirs plein la t\u00eate et des images de montagne plein les yeux.<\/p>\n<p>Une super exp\u00e9rience qui rapproche les membres de la m\u00eame grande famille des Agences de l\u2019Eau.<\/p>\n<p>Bref c\u2019est \u00e7a les RIA.<\/p>\n<p>&nbsp;<\/p>\n","protected":false},"excerpt":{"rendered":"<p>Stagiaire \u00e0 l\u2019Agence depuis peu, les Karellis \u00e9taient mes premi\u00e8res Rencontres Inter-Agence. Elles \u00e9taient organis\u00e9es cette ann\u00e9e 2013 par l\u2019Agence Rh\u00f4ne M\u00e9diterran\u00e9e Corse. Lorsqu\u2019on m\u2019en a parl\u00e9 pour la premi\u00e8re fois je me suis demand\u00e9e mais qu\u2019est ce que c\u2019est\u00a0! Un s\u00e9minaire sur le th\u00e8me de l\u2019eau, un colloque sur [&hellip;]<\/p>\n","protected":false},"author":156,"featured_media":3568,"comment_status":"open","ping_status":"closed","sticky":false,"template":"","format":"standard","meta":{"footnotes":""},"categories":[34],"tags":[],"class_list":["post-3561","post","type-post","status-publish","format-standard","has-post-thumbnail","hentry","category-rencontres-inter-agences"],"_links":{"self":[{"href":"https:\/\/www.amicale-aeap.fr\/word\/wp-json\/wp\/v2\/posts\/3561","targetHints":{"allow":["GET"]}}],"collection":[{"href":"https:\/\/www.amicale-aeap.fr\/word\/wp-json\/wp\/v2\/posts"}],"about":[{"href":"https:\/\/www.amicale-aeap.fr\/word\/wp-json\/wp\/v2\/types\/post"}],"author":[{"embeddable":true,"href":"https:\/\/www.amicale-aeap.fr\/word\/wp-json\/wp\/v2\/users\/156"}],"replies":[{"embeddable":true,"href":"https:\/\/www.amicale-aeap.fr\/word\/wp-json\/wp\/v2\/comments?post=3561"}],"version-history":[{"count":10,"href":"https:\/\/www.amicale-aeap.fr\/word\/wp-json\/wp\/v2\/posts\/3561\/revisions"}],"predecessor-version":[{"id":3617,"href":"https:\/\/www.amicale-aeap.fr\/word\/wp-json\/wp\/v2\/posts\/3561\/revisions\/3617"}],"wp:featuredmedia":[{"embeddable":true,"href":"https:\/\/www.amicale-aeap.fr\/word\/wp-json\/wp\/v2\/media\/3568"}],"wp:attachment":[{"href":"https:\/\/www.amicale-aeap.fr\/word\/wp-json\/wp\/v2\/media?parent=3561"}],"wp:term":[{"taxonomy":"category","embeddable":true,"href":"https:\/\/www.amicale-aeap.fr\/word\/wp-json\/wp\/v2\/categories?post=3561"},{"taxonomy":"post_tag","embeddable":true,"href":"https:\/\/www.amicale-aeap.fr\/word\/wp-json\/wp\/v2\/tags?post=3561"}],"curies":[{"name":"wp","href":"https:\/\/api.w.org\/{rel}","templated":true}]}}