{"id":3544,"date":"2013-08-05T15:18:00","date_gmt":"2013-08-05T14:18:00","guid":{"rendered":"http:\/\/www.amicale-aeap.fr\/word\/?p=3544"},"modified":"2013-08-05T15:18:00","modified_gmt":"2013-08-05T14:18:00","slug":"salle-detente-le-grand-chantier-de-renovation-va-demarrer","status":"publish","type":"post","link":"https:\/\/www.amicale-aeap.fr\/word\/2013\/08\/05\/salle-detente-le-grand-chantier-de-renovation-va-demarrer\/","title":{"rendered":"Salle d\u00e9tente : le grand chantier de r\u00e9novation va d\u00e9marrer !"},"content":{"rendered":"<p>Bonjour \u00e0 tous,<\/p>\n<p>A l&rsquo;Assembl\u00e9e g\u00e9n\u00e9rale, vous aviez \u00e9mis le souhait de r\u00e9nover la salle d\u00e9tente (salle au sous-sol). L&rsquo;id\u00e9e propos\u00e9e par l&rsquo;amicale et retenue par la direction est de proc\u00e9der comme pour le chantier de la caf\u00e9t\u00e9ria : r\u00e9novation par l&rsquo;agence, d\u00e9coration et mobilier par l&rsquo;amicale.<\/p>\n<p>Le chantier est lanc\u00e9, puisque la r\u00e9novation des murs et des sols est inscrite au planning de r\u00e9novation des bureaux.<\/p>\n<p>Le planning se resserre donc. Trois phases sont propos\u00e9es :<\/p>\n<h2>Phase 1 : On enl\u00e8ve le vieux<\/h2>\n<p>Appel aux bonnes volont\u00e9s pour faire du rangement et du tri dans le mat\u00e9riel, un grand m\u00e9nage et un empaquetage dans les cartons de ce que l&rsquo;on veut garder, et ceci avant le 26\/08 si possible &#8230;. Je sais qu&rsquo;on est en pleine p\u00e9riode de cong\u00e9s, et que tout le monde n&rsquo;est pas l\u00e0, mais si on veut que l&rsquo;entreprise puisse faire correctement son travail, l&rsquo;id\u00e9e serait que tout soit pr\u00e9-emball\u00e9 dans des cartons et facilement stockable ailleurs.<\/p>\n<p>Rendez-vous jeudi 8 ao\u00fbt \u00e0 12h30 dans la salle au sous-sol pour ceux qui ne sont pas en cong\u00e9s et qui souhaiteraient participer \u00e0 cette phase. Nous pourrons estimer ensemble l&rsquo;ampleur des travaux et le nombre de s\u00e9ances qu&rsquo;il faudra !<\/p>\n<h2>Phase 2 : On fait du neuf<\/h2>\n<p>Semaine du 26\/08 : r\u00e9novation de la salle par l&rsquo;entreprise prestataire<\/p>\n<h2>Phase 3 : On refait la d\u00e9co<\/h2>\n<p>Appel aux bonnes volont\u00e9s, aux utilisateurs de la salle, pour donner leurs avis, participer au choix des am\u00e9nagements, du mobilier, etc &#8230;.. pour que la salle devienne une vraie salle multifonctions qui r\u00e9ponde aux besoins de tous.<\/p>\n<p>Ceux qui souhaiteraient faire partie de l&rsquo;\u00e9quipe D&amp;CO peuvent se manifester par mail ou aupr\u00e8s d&rsquo;un membre du bureau. Dans tous les cas, faites-passer votre avis, toute id\u00e9e est la bienvenue &#8230;.<\/p>\n<p>M\u00e9lina<\/p>\n<p>&nbsp;<\/p>\n<p>&nbsp;<\/p>\n<p>&nbsp;<\/p>\n<p>&nbsp;<\/p>\n<p>&nbsp;<\/p>\n<p>&nbsp;<\/p>\n<p>&nbsp;<\/p>\n<p>&nbsp;<\/p>\n<p>&nbsp;<\/p>\n<p>&nbsp;<\/p>\n","protected":false},"excerpt":{"rendered":"<p>Bonjour \u00e0 tous, A l&rsquo;Assembl\u00e9e g\u00e9n\u00e9rale, vous aviez \u00e9mis le souhait de r\u00e9nover la salle d\u00e9tente (salle au sous-sol). L&rsquo;id\u00e9e propos\u00e9e par l&rsquo;amicale et retenue par la direction est de proc\u00e9der comme pour le chantier de la caf\u00e9t\u00e9ria : r\u00e9novation par l&rsquo;agence, d\u00e9coration et mobilier par l&rsquo;amicale. Le chantier est [&hellip;]<\/p>\n","protected":false},"author":1,"featured_media":0,"comment_status":"open","ping_status":"closed","sticky":false,"template":"","format":"standard","meta":{"footnotes":""},"categories":[1],"tags":[],"class_list":["post-3544","post","type-post","status-publish","format-standard","hentry","category-actus"],"_links":{"self":[{"href":"https:\/\/www.amicale-aeap.fr\/word\/wp-json\/wp\/v2\/posts\/3544","targetHints":{"allow":["GET"]}}],"collection":[{"href":"https:\/\/www.amicale-aeap.fr\/word\/wp-json\/wp\/v2\/posts"}],"about":[{"href":"https:\/\/www.amicale-aeap.fr\/word\/wp-json\/wp\/v2\/types\/post"}],"author":[{"embeddable":true,"href":"https:\/\/www.amicale-aeap.fr\/word\/wp-json\/wp\/v2\/users\/1"}],"replies":[{"embeddable":true,"href":"https:\/\/www.amicale-aeap.fr\/word\/wp-json\/wp\/v2\/comments?post=3544"}],"version-history":[{"count":8,"href":"https:\/\/www.amicale-aeap.fr\/word\/wp-json\/wp\/v2\/posts\/3544\/revisions"}],"predecessor-version":[{"id":3552,"href":"https:\/\/www.amicale-aeap.fr\/word\/wp-json\/wp\/v2\/posts\/3544\/revisions\/3552"}],"wp:attachment":[{"href":"https:\/\/www.amicale-aeap.fr\/word\/wp-json\/wp\/v2\/media?parent=3544"}],"wp:term":[{"taxonomy":"category","embeddable":true,"href":"https:\/\/www.amicale-aeap.fr\/word\/wp-json\/wp\/v2\/categories?post=3544"},{"taxonomy":"post_tag","embeddable":true,"href":"https:\/\/www.amicale-aeap.fr\/word\/wp-json\/wp\/v2\/tags?post=3544"}],"curies":[{"name":"wp","href":"https:\/\/api.w.org\/{rel}","templated":true}]}}