{"id":3497,"date":"2013-07-16T18:36:33","date_gmt":"2013-07-16T17:36:33","guid":{"rendered":"http:\/\/www.amicale-aeap.fr\/word\/?p=3497"},"modified":"2013-07-16T16:40:13","modified_gmt":"2013-07-16T15:40:13","slug":"le-souffle-de-la-terre-le-21-septembre-2013","status":"publish","type":"post","link":"https:\/\/www.amicale-aeap.fr\/word\/2013\/07\/16\/le-souffle-de-la-terre-le-21-septembre-2013\/","title":{"rendered":"Le souffle de la terre le 21 septembre 2013"},"content":{"rendered":"<p>Bonjour,<\/p>\n<p>L&rsquo;amicale vous propose un spectacle Son et Lumi\u00e8re le 21 septembre.<\/p>\n<p><img loading=\"lazy\" decoding=\"async\" class=\"aligncenter\" alt=\"\" src=\"http:\/\/www.aillysurnoye.com\/images\/spectacle-nocturne-ailly-sur-noye-photo-galerie.jpg\" width=\"968\" height=\"264\" \/><\/p>\n<h2><strong>16h30 : Trajet en bus depuis Douai avec tarif sp\u00e9cifique sans le bus pour les agents d&rsquo;Amiens ou de Boulogne<\/strong><\/h2>\n<p><em>C&rsquo;est devenu une tradition : le spectacle commencera avant le spectacle ! D\u00e8s 19h, chaque soir, le spectateur pourra entrer sur le site pour se plonger dans une ambiance festive. Il ira \u00e0 la rencontre d&rsquo;acteurs, de musiciens, d&rsquo;artisans&#8230; Avec eux, il pourra \u00ab\u00a0partager l&rsquo;esprit de la Picardie\u00a0\u00bb \u00e0 travers des farces m\u00e9di\u00e9vales, des jeux traditionnels picards, et des animations diverses&#8230;<\/em><\/p>\n<h2><strong>19h : Repas sous chapiteau<\/strong><\/h2>\n<p>&nbsp;<\/p>\n<p>[important]<\/p>\n<p style=\"text-align: left;\" align=\"left\">\u00a0<span style=\"color: #000000;\"><strong><span style=\"text-decoration: underline;\"><span>MENU ADULTE<\/span><\/span><\/strong><\/span><\/p>\n<p style=\"text-align: left;\" align=\"left\"><span style=\"color: #000000;\"><strong><span style=\"text-decoration: underline;\"><span>Boisson comprise (1 boisson au verre)<\/span><\/span><\/strong><\/span><\/p>\n<p style=\"text-align: left;\" align=\"center\"><span>Ap\u00e9ritif<\/span><\/p>\n<p style=\"text-align: left;\" align=\"center\"><span>Crudit\u00e9s et charcuteries<\/span><\/p>\n<p style=\"text-align: left;\" align=\"center\"><span>Mijot\u00e9 de Boeuf au curcuma<\/span><\/p>\n<p style=\"text-align: left;\" align=\"center\"><span>Gratin dauphinois <\/span><\/p>\n<p style=\"text-align: left;\" align=\"center\"><span>Fromage<br \/>\nDessert du jour<\/span><\/p>\n<p style=\"text-align: left;\" align=\"center\"><span>Caf\u00e9<\/span><\/p>\n<p style=\"text-align: left;\" align=\"center\"><span style=\"text-decoration: underline;\"><strong><span>MENU ENFANT (jusqu&rsquo;\u00e0 12 ans inclus)<br \/>\n<\/span><\/strong><\/span><\/p>\n<p style=\"text-align: left;\" align=\"center\"><span>Mijot\u00e9 de Boeuf au curcuma<\/span><\/p>\n<p style=\"text-align: left;\" align=\"center\"><span>Gratin dauphinois<\/span><\/p>\n<p style=\"text-align: left;\" align=\"center\"><span>Fromage<\/span><\/p>\n<p style=\"text-align: left;\" align=\"center\"><span>Dessert du jour<\/span><\/p>\n<p style=\"text-align: left;\" align=\"center\"><span>Boisson<\/span><\/p>\n<p>[\/important]<\/p>\n<p>&nbsp;<\/p>\n<h2><strong>21h30 : Spectacle<\/strong><\/h2>\n<p>&nbsp;<\/p>\n<table width=\"100%\">\n<tbody>\n<tr>\n<td>\n<h1>Partager l\u2019esprit de la Picardie<\/h1>\n<\/td>\n<\/tr>\n<tr>\n<td>\n<p align=\"justify\"><span style=\"font-size: small;\">Le Souffle de la Terre est d\u2019abord une <strong>aventure humaine<\/strong> qui permet de valoriser le travail de centaines de b\u00e9n\u00e9voles d\u2019Ailly-sur-Noye et de sa r\u00e9gion.<\/span><\/p>\n<p>V\u00e9ritable lien social, ce spectacle est celui de ces centaines d\u2019artistes amateurs. Ensemble, ils ont cr\u00e9\u00e9 les <strong>3 000 costumes<\/strong> et les <strong>2 000 accessoires<\/strong>; ensemble ils ont peint les d\u00e9cors, imagin\u00e9 les affiches, mont\u00e9 les r\u00e9gies son et lumi\u00e8re; ensemble ils ont organis\u00e9 les r\u00e9servations, le secr\u00e9tariat, l\u2019accueil des spectateurs; ensemble ils ont r\u00e9p\u00e9t\u00e9, pendant des mois, inlassablement\u2026<\/p>\n<p>Et peu \u00e0 peu, le spectacle est devenu leur spectacle. Sa force est l\u00e0. Venez partager leur aventure, venez d\u00e9couvrir \u00ab\u00a0l\u2019<strong>esprit de la Picardie<\/strong>\u00ab\u00a0.<\/td>\n<\/tr>\n<tr>\n<td><\/td>\n<\/tr>\n<tr>\n<td>\n<h1>Une grande fresque en plein air<\/h1>\n<\/td>\n<\/tr>\n<tr>\n<td><img decoding=\"async\" alt=\"Une grande fresque en plein air\" src=\"http:\/\/www.aillysurnoye.com\/admin\/upload\/news\/20080521-153314-142.JPG\" border=\"0\" \/><br \/>\nLa roue du moulin est devenue la roue du temps. Pendant 90 minutes, sur une sc\u00e8ne naturelle de 4 hectares, 2 000 ans d\u2019histoire de la Picardie se racontent en une sc\u00e9nographie grandiose. De la Gaule lointaine \u00e0 l\u2019\u00e8re industrielle, c\u2019est l\u2019histoire d\u2019un peuple qui s\u2019incarne le temps d\u2019une soir\u00e9e. Le sang et les larmes se m\u00ealent aux rires et \u00e0 l\u2019espoir.Une \u00e9pop\u00e9e captivante o\u00f9 les gestes simples de la vie ordinaire c\u00f4toient les hauts faits guerriers.Le Souffle de la Terre raconte le destin d\u2019un peuple r\u00e9guli\u00e8rement envahi, oppress\u00e9, meurtri, mais qui a su inlassablement r\u00e9sister, reconstruire, trouvant la force de labourer la terre, d\u2019engranger les moissons, et de dresser toujours plus haut la fl\u00e8che de ses cath\u00e9drales.<\/p>\n<p>Des premi\u00e8res minutes au bouquet final, d\u2019une \u00e9poque \u00e0 l\u2019autre, l\u2019\u00e9motion est toujours pr\u00e9sente : magie de la mise en sc\u00e8ne en 3 000 personnages costum\u00e9s, en 35 cavaliers, jeux d\u2019ombres et de lumi\u00e8res, enchantement des mots et de la musique.<\/p>\n<p>Le spectacle est total et, chaque ann\u00e9e, il se renouvelle partiellement : voir ci-dessus l&rsquo;onglet \u00ab\u00a0Nouveaut\u00e9s\u00a0\u00bb.<\/p>\n<p>\u00ab Ecoute, petit, \u00e9coute les moulins d\u2019autrefois,<br \/>\nEcoute la roue du temps et le craquement du bois,<br \/>\nEcoute le pass\u00e9 te dire le jour qui vient,<br \/>\nEcoute ton histoire : elle trace ton chemin. \u00bb<\/p>\n<p>(Extrait du spectacle)<\/td>\n<\/tr>\n<\/tbody>\n<\/table>\n<p>&nbsp;<\/p>\n<h2>Retour \u00e0 Douai pour 1h30 environ<\/h2>\n<p>&nbsp;<\/p>\n<p>&nbsp;<\/p>\n<p>Toutes les informations sur le site web : <a href=\"http:\/\/www.aillysurnoye.com\/son-lumiere-picardie.html\">http:\/\/www.aillysurnoye.com\/son-lumiere-picardie.html<\/a><\/p>\n<p>Bulletin d&rsquo;inscrition \u00e0 t\u00e9l\u00e9charger l\u00e0 :\u00a0 <a href=\"http:\/\/www.amicale-aeap.fr\/word\/wp-content\/uploads\/2013\/07\/Souffe.pdf\">Souffe de la terre &#8211; bulletin d&rsquo;inscription\u00a0<\/a><\/p>\n<p>Inscriptions avant le 5 septembre<\/p>\n<p>&nbsp;<\/p>\n<p>&nbsp;<\/p>\n","protected":false},"excerpt":{"rendered":"<p>Bonjour, L&rsquo;amicale vous propose un spectacle Son et Lumi\u00e8re le 21 septembre. 16h30 : Trajet en bus depuis Douai avec tarif sp\u00e9cifique sans le bus pour les agents d&rsquo;Amiens ou de Boulogne C&rsquo;est devenu une tradition : le spectacle commencera avant le spectacle ! D\u00e8s 19h, chaque soir, le spectateur [&hellip;]<\/p>\n","protected":false},"author":1,"featured_media":0,"comment_status":"open","ping_status":"closed","sticky":false,"template":"","format":"standard","meta":{"footnotes":""},"categories":[4],"tags":[],"class_list":["post-3497","post","type-post","status-publish","format-standard","hentry","category-sorties"],"_links":{"self":[{"href":"https:\/\/www.amicale-aeap.fr\/word\/wp-json\/wp\/v2\/posts\/3497","targetHints":{"allow":["GET"]}}],"collection":[{"href":"https:\/\/www.amicale-aeap.fr\/word\/wp-json\/wp\/v2\/posts"}],"about":[{"href":"https:\/\/www.amicale-aeap.fr\/word\/wp-json\/wp\/v2\/types\/post"}],"author":[{"embeddable":true,"href":"https:\/\/www.amicale-aeap.fr\/word\/wp-json\/wp\/v2\/users\/1"}],"replies":[{"embeddable":true,"href":"https:\/\/www.amicale-aeap.fr\/word\/wp-json\/wp\/v2\/comments?post=3497"}],"version-history":[{"count":10,"href":"https:\/\/www.amicale-aeap.fr\/word\/wp-json\/wp\/v2\/posts\/3497\/revisions"}],"predecessor-version":[{"id":3506,"href":"https:\/\/www.amicale-aeap.fr\/word\/wp-json\/wp\/v2\/posts\/3497\/revisions\/3506"}],"wp:attachment":[{"href":"https:\/\/www.amicale-aeap.fr\/word\/wp-json\/wp\/v2\/media?parent=3497"}],"wp:term":[{"taxonomy":"category","embeddable":true,"href":"https:\/\/www.amicale-aeap.fr\/word\/wp-json\/wp\/v2\/categories?post=3497"},{"taxonomy":"post_tag","embeddable":true,"href":"https:\/\/www.amicale-aeap.fr\/word\/wp-json\/wp\/v2\/tags?post=3497"}],"curies":[{"name":"wp","href":"https:\/\/api.w.org\/{rel}","templated":true}]}}