{"id":3478,"date":"2013-06-25T19:45:41","date_gmt":"2013-06-25T18:45:41","guid":{"rendered":"http:\/\/www.amicale-aeap.fr\/word\/?p=3478"},"modified":"2013-06-25T09:50:39","modified_gmt":"2013-06-25T08:50:39","slug":"elections-du-20-juin-2013","status":"publish","type":"post","link":"https:\/\/www.amicale-aeap.fr\/word\/2013\/06\/25\/elections-du-20-juin-2013\/","title":{"rendered":"Elections du 20 juin 2013"},"content":{"rendered":"<p>Chers amicalistes,<\/p>\n<p>Nous avons l\u2019honneur de vous informer de l\u2019\u00e9lection du bureau de l\u2019Amicale du Personnel au cours de la r\u00e9union du Conseil d\u2019Administration du 20 juin 2013.<\/p>\n<p>&nbsp;<\/p>\n<p>Le bureau \u00e9lu se compose comme suit\u00a0:<\/p>\n<p>&nbsp;<\/p>\n<p>Pr\u00e9sident\u00a0: \u00a0\u00a0\u00a0\u00a0\u00a0\u00a0\u00a0\u00a0\u00a0\u00a0\u00a0\u00a0\u00a0\u00a0 M\u00e9lina Seyman<\/p>\n<p>Vice-Pr\u00e9sident\u00a0: \u00a0\u00a0\u00a0\u00a0\u00a0 G\u00e9raldine Aubert<\/p>\n<p>Tr\u00e9sorier\u00a0: \u00a0\u00a0\u00a0\u00a0\u00a0\u00a0\u00a0\u00a0\u00a0\u00a0\u00a0\u00a0\u00a0\u00a0\u00a0 Catherine Saldo<\/p>\n<p>Vice-tr\u00e9sorier\u00a0: \u00a0\u00a0\u00a0\u00a0\u00a0\u00a0\u00a0 Thierry Jacqmart<\/p>\n<p>Secr\u00e9taire\u00a0: \u00a0\u00a0\u00a0\u00a0\u00a0\u00a0\u00a0\u00a0\u00a0\u00a0\u00a0\u00a0\u00a0 Lo\u00efg M\u00e9t\u00e9ron<\/p>\n<p>Vice-secr\u00e9taire\u00a0: \u00a0\u00a0\u00a0\u00a0 Florent Guibert<\/p>\n<p>&nbsp;<\/p>\n<p>Le conseil d&rsquo;administration vous remercie de la confiance que vous lui accordez.<\/p>\n<p>Nous restons \u00e0 votre \u00e9coute pour toutes vos suggestions et pistes pour que l&rsquo;amicale reste une association o\u00f9 il fait bon partager &#8230;<\/p>\n<p>&nbsp;<\/p>\n<p>&nbsp;<\/p>\n<p>&nbsp;<\/p>\n<p>&nbsp;<\/p>\n<p>&nbsp;<\/p>\n<p>&nbsp;<\/p>\n<p>&nbsp;<\/p>\n","protected":false},"excerpt":{"rendered":"<p>Chers amicalistes, Nous avons l\u2019honneur de vous informer de l\u2019\u00e9lection du bureau de l\u2019Amicale du Personnel au cours de la r\u00e9union du Conseil d\u2019Administration du 20 juin 2013. &nbsp; Le bureau \u00e9lu se compose comme suit\u00a0: &nbsp; Pr\u00e9sident\u00a0: \u00a0\u00a0\u00a0\u00a0\u00a0\u00a0\u00a0\u00a0\u00a0\u00a0\u00a0\u00a0\u00a0\u00a0 M\u00e9lina Seyman Vice-Pr\u00e9sident\u00a0: \u00a0\u00a0\u00a0\u00a0\u00a0 G\u00e9raldine Aubert Tr\u00e9sorier\u00a0: \u00a0\u00a0\u00a0\u00a0\u00a0\u00a0\u00a0\u00a0\u00a0\u00a0\u00a0\u00a0\u00a0\u00a0\u00a0 Catherine Saldo Vice-tr\u00e9sorier\u00a0: [&hellip;]<\/p>\n","protected":false},"author":1,"featured_media":0,"comment_status":"open","ping_status":"closed","sticky":false,"template":"","format":"standard","meta":{"footnotes":""},"categories":[1],"tags":[],"class_list":["post-3478","post","type-post","status-publish","format-standard","hentry","category-actus"],"_links":{"self":[{"href":"https:\/\/www.amicale-aeap.fr\/word\/wp-json\/wp\/v2\/posts\/3478","targetHints":{"allow":["GET"]}}],"collection":[{"href":"https:\/\/www.amicale-aeap.fr\/word\/wp-json\/wp\/v2\/posts"}],"about":[{"href":"https:\/\/www.amicale-aeap.fr\/word\/wp-json\/wp\/v2\/types\/post"}],"author":[{"embeddable":true,"href":"https:\/\/www.amicale-aeap.fr\/word\/wp-json\/wp\/v2\/users\/1"}],"replies":[{"embeddable":true,"href":"https:\/\/www.amicale-aeap.fr\/word\/wp-json\/wp\/v2\/comments?post=3478"}],"version-history":[{"count":3,"href":"https:\/\/www.amicale-aeap.fr\/word\/wp-json\/wp\/v2\/posts\/3478\/revisions"}],"predecessor-version":[{"id":3480,"href":"https:\/\/www.amicale-aeap.fr\/word\/wp-json\/wp\/v2\/posts\/3478\/revisions\/3480"}],"wp:attachment":[{"href":"https:\/\/www.amicale-aeap.fr\/word\/wp-json\/wp\/v2\/media?parent=3478"}],"wp:term":[{"taxonomy":"category","embeddable":true,"href":"https:\/\/www.amicale-aeap.fr\/word\/wp-json\/wp\/v2\/categories?post=3478"},{"taxonomy":"post_tag","embeddable":true,"href":"https:\/\/www.amicale-aeap.fr\/word\/wp-json\/wp\/v2\/tags?post=3478"}],"curies":[{"name":"wp","href":"https:\/\/api.w.org\/{rel}","templated":true}]}}