{"id":3401,"date":"2013-05-21T10:52:10","date_gmt":"2013-05-21T09:52:10","guid":{"rendered":"http:\/\/www.amicale-aeap.fr\/word\/?p=3401"},"modified":"2013-05-21T10:52:11","modified_gmt":"2013-05-21T09:52:11","slug":"son-et-lumiere-germinal","status":"publish","type":"post","link":"https:\/\/www.amicale-aeap.fr\/word\/2013\/05\/21\/son-et-lumiere-germinal\/","title":{"rendered":"Son et lumi\u00e8re Germinal"},"content":{"rendered":"<p><img loading=\"lazy\" decoding=\"async\" class=\"alignleft\" title=\"Affiche Germinal\" src=\"http:\/\/www.spectacle-germinal.fr\/images\/affiche.jpg\" alt=\"\" width=\"302\" height=\"403\" \/>L&rsquo;Amicale vous propose d&rsquo;assister au Spectacle Son &amp; Lumi\u00e8re \u00ab\u00a0Germinal\u00a0\u00bb le samedi 27 juillet 2013 \u00e0 La Cassine, dans le d\u00e9partement des Ardennes.<\/p>\n<p>Une centaine\u00a0de com\u00e9diens et figurants vous feront red\u00e9couvrir l&rsquo;oeuvre embl\u00e9matique de Zola au cours d&rsquo;un spectacle en plein air alliant effets\u00a0pyrotechniques, d\u00e9cors soign\u00e9s, ambiance musicale et jeux de lumi\u00e8re.<\/p>\n<p>Les prix sont les suivants :<\/p>\n<ul>\n<li>Adulte : 31 \u20ac<\/li>\n<li>Enfant (6-12 ans) : 21 \u20ac<\/li>\n<li>Moins de 6 ans : 18 \u20ac<\/li>\n<li>Ext\u00e9rieur : 62\u00a0\u20ac<\/li>\n<\/ul>\n<p>Une visite du fort des Ayvelles est \u00e9galement au programme de la journ\u00e9e.<\/p>\n<p>Le trajet se fera en car (d\u00e9part de l&rsquo;agence le samedi \u00e0 12h45, retour dans la nuit du samedi au dimanche).<\/p>\n<p>Le prix comprend le d\u00e9placement en bus Grand Tourisme, la visite du fort des Ayvelles, le spectacle \u00ab\u00a0Germinal\u00a0\u00bb et le repas du soir (ap\u00e9ritif, briquet au maroilles, carbonnade, dessert, vin\/boisson et caf\u00e9 pour les adultes ; assiette vari\u00e9e, knacki-frites, boisson\u00a0et glace pour les enfants).<\/p>\n<p>Inscriptions et informations aupr\u00e8s de Marc Descatoire (9613, bureau 525) jusqu&rsquo;au 30 mai.<\/p>\n<p><a rel=\"attachment wp-att-3405\" href=\"http:\/\/www.amicale-aeap.fr\/word\/2013\/3401\/spectacle-germinal\">Plaquette de pr\u00e9sentation<\/a><\/p>\n<p><a rel=\"attachment wp-att-3420\" href=\"http:\/\/www.amicale-aeap.fr\/word\/2013\/3401\/bulletin-dinscription-5\">Bulletin d&rsquo;inscription<\/a><\/p>\n","protected":false},"excerpt":{"rendered":"<p>L&rsquo;Amicale vous propose d&rsquo;assister au Spectacle Son &amp; Lumi\u00e8re \u00ab\u00a0Germinal\u00a0\u00bb le samedi 27 juillet 2013 \u00e0 La Cassine, dans le d\u00e9partement des Ardennes. Une centaine\u00a0de com\u00e9diens et figurants vous feront red\u00e9couvrir l&rsquo;oeuvre embl\u00e9matique de Zola au cours d&rsquo;un spectacle en plein air alliant effets\u00a0pyrotechniques, d\u00e9cors soign\u00e9s, ambiance musicale et jeux [&hellip;]<\/p>\n","protected":false},"author":156,"featured_media":0,"comment_status":"open","ping_status":"closed","sticky":false,"template":"","format":"standard","meta":{"footnotes":""},"categories":[1,4],"tags":[],"class_list":["post-3401","post","type-post","status-publish","format-standard","hentry","category-actus","category-sorties"],"_links":{"self":[{"href":"https:\/\/www.amicale-aeap.fr\/word\/wp-json\/wp\/v2\/posts\/3401","targetHints":{"allow":["GET"]}}],"collection":[{"href":"https:\/\/www.amicale-aeap.fr\/word\/wp-json\/wp\/v2\/posts"}],"about":[{"href":"https:\/\/www.amicale-aeap.fr\/word\/wp-json\/wp\/v2\/types\/post"}],"author":[{"embeddable":true,"href":"https:\/\/www.amicale-aeap.fr\/word\/wp-json\/wp\/v2\/users\/156"}],"replies":[{"embeddable":true,"href":"https:\/\/www.amicale-aeap.fr\/word\/wp-json\/wp\/v2\/comments?post=3401"}],"version-history":[{"count":33,"href":"https:\/\/www.amicale-aeap.fr\/word\/wp-json\/wp\/v2\/posts\/3401\/revisions"}],"predecessor-version":[{"id":3438,"href":"https:\/\/www.amicale-aeap.fr\/word\/wp-json\/wp\/v2\/posts\/3401\/revisions\/3438"}],"wp:attachment":[{"href":"https:\/\/www.amicale-aeap.fr\/word\/wp-json\/wp\/v2\/media?parent=3401"}],"wp:term":[{"taxonomy":"category","embeddable":true,"href":"https:\/\/www.amicale-aeap.fr\/word\/wp-json\/wp\/v2\/categories?post=3401"},{"taxonomy":"post_tag","embeddable":true,"href":"https:\/\/www.amicale-aeap.fr\/word\/wp-json\/wp\/v2\/tags?post=3401"}],"curies":[{"name":"wp","href":"https:\/\/api.w.org\/{rel}","templated":true}]}}