{"id":3386,"date":"2013-04-25T09:26:25","date_gmt":"2013-04-25T08:26:25","guid":{"rendered":"http:\/\/www.amicale-aeap.fr\/word\/?p=3386"},"modified":"2013-09-09T14:25:00","modified_gmt":"2013-09-09T13:25:00","slug":"disney-en-copies-neuves-petit-garcon-qui-ne-veut-pas-grandir-chats-faon-princesse","status":"publish","type":"post","link":"https:\/\/www.amicale-aeap.fr\/word\/2013\/04\/25\/disney-en-copies-neuves-petit-garcon-qui-ne-veut-pas-grandir-chats-faon-princesse\/","title":{"rendered":"DISNEY en copies neuves : Petit gar\u00e7on qui ne veut pas grandir, Chats, Faon, Princesse"},"content":{"rendered":"<h2 style=\"text-align: center;\"><a href=\"http:\/\/www.lemajesticlille.com\/evenement\/CENDRILLON%2B1950.JPG\" rel=\"splash|yup\"><img loading=\"lazy\" decoding=\"async\" alt=\"\" src=\"http:\/\/www.lemajesticlille.com\/evenement\/110x145\/CENDRILLON%2B1950.JPG\" width=\"109\" height=\"145\" \/><\/a>Le Majestic rue de B\u00e9thunes \u00e0 Lille<\/h2>\n<h2 style=\"text-align: center;\">\u00e0<strong> partir du 24 avril, les Grands Classiques de Disney<br \/>\n<\/strong><\/h2>\n<p style=\"text-align: center;\">\n<h2 style=\"text-align: center;\"><img loading=\"lazy\" decoding=\"async\" alt=\"Le Majestic - Lille\" src=\"http:\/\/www.lemajesticlille.com\/image\/logo.png?1301400777\" width=\"348\" height=\"73\" \/><\/h2>\n<p style=\"text-align: center;\"><strong>Du 24 au 30 avril: Les Aristochats<\/strong><\/p>\n<p style=\"text-align: center;\"><img loading=\"lazy\" decoding=\"async\" alt=\"\" src=\"https:\/\/encrypted-tbn1.gstatic.com\/images?q=tbn:ANd9GcQF1isjTq6bxQ1n_2p1ZwaLVtRnaXoKb8OfjyGYrG5bkTbmGvX5\" width=\"259\" height=\"194\" \/> <img loading=\"lazy\" decoding=\"async\" class=\"rg_hi uh_hi\" style=\"width: 225px; height: 225px;\" alt=\"\" src=\"https:\/\/encrypted-tbn0.gstatic.com\/images?q=tbn:ANd9GcQljXH8xHVsJt1igEpC0u92FZR8garg0U2nqyzEPrluq2qaQ9vdmQ\" width=\"225\" height=\"225\" \/> <img loading=\"lazy\" decoding=\"async\" class=\"rg_hi uh_hi\" style=\"width: 259px; height: 194px;\" alt=\"\" src=\"https:\/\/encrypted-tbn1.gstatic.com\/images?q=tbn:ANd9GcQZqu1OPf3OaJObn2pinUDRgBY5ZVV4kvbzGibB8uN2jaQ2jtARTQ\" width=\"259\" height=\"194\" \/><\/p>\n<p style=\"text-align: center;\"><strong>Du 1er au 7 mai: Cendrillon<\/strong><\/p>\n<p style=\"text-align: center;\"><img loading=\"lazy\" decoding=\"async\" alt=\"Cendrillon : Photo Clyde Geronimi, Hamilton Luske, Wilfred Jackson\" src=\"http:\/\/fr.web.img3.acsta.net\/r_640_600\/b_1_d6d6d6\/medias\/nmedia\/18\/35\/80\/27\/18425783.jpg\" width=\"268\" height=\"181\" \/><img loading=\"lazy\" decoding=\"async\" alt=\"Cendrillon : affiche Hamilton Luske, Wilfred Jackson\" src=\"http:\/\/fr.web.img2.acsta.net\/r_640_600\/b_1_d6d6d6\/medias\/nmedia\/18\/35\/80\/27\/18429571.jpg\" width=\"218\" height=\"289\" \/> <img loading=\"lazy\" decoding=\"async\" alt=\"Cendrillon : Photo Clyde Geronimi, Hamilton Luske, Wilfred Jackson\" src=\"http:\/\/fr.web.img5.acsta.net\/r_640_600\/b_1_d6d6d6\/medias\/nmedia\/18\/35\/80\/27\/18425785.jpg\" width=\"282\" height=\"191\" \/><\/p>\n<p style=\"text-align: center;\"><strong>Du 8 au 14 mai: Peter Pan<\/strong><\/p>\n<p style=\"text-align: center;\"><img loading=\"lazy\" decoding=\"async\" alt=\"Peter Pan : photo\" src=\"http:\/\/fr.web.img4.acsta.net\/r_640_600\/b_1_d6d6d6\/medias\/nmedia\/18\/35\/51\/51\/20394734.jpg\" width=\"186\" height=\"244\" \/> <img loading=\"lazy\" decoding=\"async\" alt=\"Peter Pan : photo\" src=\"http:\/\/images.allocine.fr\/r_640_600\/b_1_d6d6d6\/medias\/nmedia\/18\/35\/51\/51\/20394733.jpg\" width=\"449\" height=\"196\" \/> <img loading=\"lazy\" decoding=\"async\" alt=\"Peter Pan : photo\" src=\"http:\/\/images.allocine.fr\/r_640_600\/b_1_d6d6d6\/medias\/nmedia\/18\/35\/51\/51\/18401773.jpg\" width=\"346\" height=\"236\" \/><\/p>\n<p style=\"text-align: center;\"><strong>Du 15 au 21 mai: Bambi<\/strong><\/p>\n<p style=\"text-align: center;\"><img loading=\"lazy\" decoding=\"async\" alt=\"Bambi : photo Walt Disney\" src=\"http:\/\/fr.web.img6.acsta.net\/r_640_600\/b_1_d6d6d6\/medias\/nmedia\/18\/35\/56\/29\/18465105.jpg\" width=\"231\" height=\"156\" \/><img loading=\"lazy\" decoding=\"async\" alt=\"Bambi : affiche Walt Disney\" src=\"http:\/\/fr.web.img3.acsta.net\/r_640_600\/b_1_d6d6d6\/medias\/nmedia\/18\/35\/56\/29\/18465102.jpg\" width=\"233\" height=\"312\" \/> <img loading=\"lazy\" decoding=\"async\" alt=\"Bambi : photo Walt Disney\" src=\"http:\/\/images.allocine.fr\/r_640_600\/b_1_d6d6d6\/medias\/nmedia\/18\/35\/56\/29\/18465104.jpg\" width=\"261\" height=\"175\" \/><\/p>\n<p style=\"text-align: center;\"><strong><br \/>\n<\/strong><\/p>\n","protected":false},"excerpt":{"rendered":"<p>Le Majestic rue de B\u00e9thunes \u00e0 Lille \u00e0 partir du 24 avril, les Grands Classiques de Disney Du 24 au 30 avril: Les Aristochats Du 1er au 7 mai: Cendrillon Du 8 au 14 mai: Peter Pan Du 15 au 21 mai: Bambi<\/p>\n","protected":false},"author":156,"featured_media":0,"comment_status":"open","ping_status":"closed","sticky":false,"template":"","format":"standard","meta":{"footnotes":""},"categories":[28],"tags":[41,47,33,48],"class_list":["post-3386","post","type-post","status-publish","format-standard","hentry","category-bons-plans","tag-cinema","tag-disney","tag-enfant","tag-lille"],"_links":{"self":[{"href":"https:\/\/www.amicale-aeap.fr\/word\/wp-json\/wp\/v2\/posts\/3386","targetHints":{"allow":["GET"]}}],"collection":[{"href":"https:\/\/www.amicale-aeap.fr\/word\/wp-json\/wp\/v2\/posts"}],"about":[{"href":"https:\/\/www.amicale-aeap.fr\/word\/wp-json\/wp\/v2\/types\/post"}],"author":[{"embeddable":true,"href":"https:\/\/www.amicale-aeap.fr\/word\/wp-json\/wp\/v2\/users\/156"}],"replies":[{"embeddable":true,"href":"https:\/\/www.amicale-aeap.fr\/word\/wp-json\/wp\/v2\/comments?post=3386"}],"version-history":[{"count":15,"href":"https:\/\/www.amicale-aeap.fr\/word\/wp-json\/wp\/v2\/posts\/3386\/revisions"}],"predecessor-version":[{"id":3400,"href":"https:\/\/www.amicale-aeap.fr\/word\/wp-json\/wp\/v2\/posts\/3386\/revisions\/3400"}],"wp:attachment":[{"href":"https:\/\/www.amicale-aeap.fr\/word\/wp-json\/wp\/v2\/media?parent=3386"}],"wp:term":[{"taxonomy":"category","embeddable":true,"href":"https:\/\/www.amicale-aeap.fr\/word\/wp-json\/wp\/v2\/categories?post=3386"},{"taxonomy":"post_tag","embeddable":true,"href":"https:\/\/www.amicale-aeap.fr\/word\/wp-json\/wp\/v2\/tags?post=3386"}],"curies":[{"name":"wp","href":"https:\/\/api.w.org\/{rel}","templated":true}]}}