{"id":3333,"date":"2013-03-29T16:37:39","date_gmt":"2013-03-29T15:37:39","guid":{"rendered":"http:\/\/www.amicale-aeap.fr\/word\/?p=3333"},"modified":"2013-04-02T09:04:02","modified_gmt":"2013-04-02T08:04:02","slug":"foulees-de-pevele-et-boucles-de-gayant","status":"publish","type":"post","link":"https:\/\/www.amicale-aeap.fr\/word\/2013\/03\/29\/foulees-de-pevele-et-boucles-de-gayant\/","title":{"rendered":"Foul\u00e9es de P\u00e9v\u00e8le et boucles de Gayant"},"content":{"rendered":"<p><a rel=\"attachment wp-att-2332\" href=\"http:\/\/www.amicale-aeap.fr\/word\/2012\/2331\/img_6439\"><img loading=\"lazy\" decoding=\"async\" class=\"alignleft size-thumbnail wp-image-2332\" title=\"D\u00e9part des Boucles de Gayant 2012\" src=\"http:\/\/www.amicale-aeap.fr\/word\/wp-content\/uploads\/2012\/06\/IMG_6439-150x150.jpg\" alt=\"\" width=\"150\" height=\"150\" \/><\/a>L\u2019Amicale vous propose deux courses pour ce printemps\u2026 en esp\u00e9rant que le beau temps soit au rendez-vous, apr\u00e8s les conditions difficiles du trail des remparts couru par quelques courageux\u00a0!<\/p>\n<p><strong> <\/strong><\/p>\n<p><strong>Une petite nouvelle\u00a0: les Foul\u00e9es humanitaires de P\u00e9v\u00e8le<\/strong><\/p>\n<p>Les foul\u00e9es humanitaires de P\u00e9v\u00e8le auront lieu le dimanche 28 avril au d\u00e9part de Mons-en-P\u00e9v\u00e8le. Il s\u2019agit d\u2019une course organis\u00e9e depuis 2011 par l\u2019association Solidarit\u00e9 France-Maroc. Deux parcours sont propos\u00e9s\u00a0: un 5 km (d\u00e9part 9h45) et un 10 km (d\u00e9part 10h).<\/p>\n<p><strong> <\/strong><\/p>\n<p><strong>L\u2019incontournable\u00a0: les Boucles de Gayant<\/strong><\/p>\n<p>Bien connue des Douaisiens, la course des Boucles de Gayant se tiendra, comme chaque ann\u00e9e, le jeudi de l\u2019Ascension (le 9 mai, \u00e0 partir de 14h30). Trois parcours \u00e0 travers la ville sont propos\u00e9s\u00a0: 2, 5 ou 10 km. Il y en aura donc pour tous les go\u00fbts\u00a0!<\/p>\n<p><strong> <\/strong><\/p>\n<p><strong>Inscriptions<\/strong><\/p>\n<p>Inscrivez-vous aupr\u00e8s de Florent <span style=\"text-decoration: underline;\">jusqu\u2019au 22 avril<\/span>, en joignant au bulletin d\u2019inscription ci-dessous un <strong>certificat m\u00e9dical de moins d\u2019un an de non contre-indication \u00e0 la pratique de la course \u00e0 pieds (ou de l\u2019athl\u00e9tisme) en comp\u00e9tition<\/strong>.<\/p>\n<p>L\u2019inscription est prise en charge par l\u2019Amicale (entre 1 \u20ac et 8 \u20ac selon les courses).<\/p>\n<p><a rel=\"attachment wp-att-3358\" href=\"http:\/\/www.amicale-aeap.fr\/word\/2013\/3333\/bulletin-dinscription-4\">Bulletin d&rsquo;inscription<\/a><\/p>\n<p><strong> <\/strong><\/p>\n<p><strong>Pour en savoir plus\u2026<\/strong><\/p>\n<p><a title=\"Site de l'Association Solidarit\u00e9 France-Maroc\" href=\"http:\/\/www.asso-sfm.org\/\" target=\"_blank\">Site de l\u2019Association Solidarit\u00e9 France-Maroc<\/a><\/p>\n<p><a rel=\"attachment wp-att-3349\" href=\"http:\/\/www.amicale-aeap.fr\/word\/2013\/3333\/reglement-foulees-de-pevele-2\">R\u00e8glement Foul\u00e9es de P\u00e9v\u00e8le<\/a><\/p>\n<p><a title=\"Site des Boucles de Gayant\" href=\"http:\/\/boucles-de-gayant.fr\/\" target=\"_blank\">Site des Boucles de Gayant<\/a><\/p>\n","protected":false},"excerpt":{"rendered":"<p>L\u2019Amicale vous propose deux courses pour ce printemps\u2026 en esp\u00e9rant que le beau temps soit au rendez-vous, apr\u00e8s les conditions difficiles du trail des remparts couru par quelques courageux\u00a0! Une petite nouvelle\u00a0: les Foul\u00e9es humanitaires de P\u00e9v\u00e8le Les foul\u00e9es humanitaires de P\u00e9v\u00e8le auront lieu le dimanche 28 avril au d\u00e9part [&hellip;]<\/p>\n","protected":false},"author":156,"featured_media":2332,"comment_status":"open","ping_status":"closed","sticky":false,"template":"","format":"standard","meta":{"footnotes":""},"categories":[46,1],"tags":[],"class_list":["post-3333","post","type-post","status-publish","format-standard","has-post-thumbnail","hentry","category-activites-sportives","category-actus"],"_links":{"self":[{"href":"https:\/\/www.amicale-aeap.fr\/word\/wp-json\/wp\/v2\/posts\/3333","targetHints":{"allow":["GET"]}}],"collection":[{"href":"https:\/\/www.amicale-aeap.fr\/word\/wp-json\/wp\/v2\/posts"}],"about":[{"href":"https:\/\/www.amicale-aeap.fr\/word\/wp-json\/wp\/v2\/types\/post"}],"author":[{"embeddable":true,"href":"https:\/\/www.amicale-aeap.fr\/word\/wp-json\/wp\/v2\/users\/156"}],"replies":[{"embeddable":true,"href":"https:\/\/www.amicale-aeap.fr\/word\/wp-json\/wp\/v2\/comments?post=3333"}],"version-history":[{"count":36,"href":"https:\/\/www.amicale-aeap.fr\/word\/wp-json\/wp\/v2\/posts\/3333\/revisions"}],"predecessor-version":[{"id":3373,"href":"https:\/\/www.amicale-aeap.fr\/word\/wp-json\/wp\/v2\/posts\/3333\/revisions\/3373"}],"wp:featuredmedia":[{"embeddable":true,"href":"https:\/\/www.amicale-aeap.fr\/word\/wp-json\/wp\/v2\/media\/2332"}],"wp:attachment":[{"href":"https:\/\/www.amicale-aeap.fr\/word\/wp-json\/wp\/v2\/media?parent=3333"}],"wp:term":[{"taxonomy":"category","embeddable":true,"href":"https:\/\/www.amicale-aeap.fr\/word\/wp-json\/wp\/v2\/categories?post=3333"},{"taxonomy":"post_tag","embeddable":true,"href":"https:\/\/www.amicale-aeap.fr\/word\/wp-json\/wp\/v2\/tags?post=3333"}],"curies":[{"name":"wp","href":"https:\/\/api.w.org\/{rel}","templated":true}]}}