{"id":3249,"date":"2013-02-19T17:08:48","date_gmt":"2013-02-19T16:08:48","guid":{"rendered":"http:\/\/www.amicale-aeap.fr\/word\/?p=3249"},"modified":"2013-02-19T17:08:48","modified_gmt":"2013-02-19T16:08:48","slug":"lamicale-vous-informe","status":"publish","type":"post","link":"https:\/\/www.amicale-aeap.fr\/word\/2013\/02\/19\/lamicale-vous-informe\/","title":{"rendered":"L&rsquo;amicale vous informe &#8230;."},"content":{"rendered":"<p>Bonjour \u00e0 tous,<\/p>\n<p>Un petit mot d&rsquo;information sur les changements en cours \u00e0 l&rsquo;amicale, suite au d\u00e9part de Chantal. Elle a demand\u00e9 une rupture conventionnelle, que le conseil d&rsquo;administration a accept\u00e9e. Elle ne fera donc plus partie de nos effectifs \u00e0 partir du 25 f\u00e9vrier 2013, suite au d\u00e9roulement de la proc\u00e9dure.<\/p>\n<p>Nous avons embauch\u00e9 Audrey sur un contrat de travail en int\u00e9rim depuis le 21 janvier pour finaliser les comptes 2012, faire les d\u00e9clarations sociales et faire le bilan de la gestion de l&rsquo;amicale. Vous l&rsquo;avez, pour certains d&rsquo;entre vous, d\u00e9j\u00e0 rencontr\u00e9e dans les couloirs ou pour la billetterie.<\/p>\n<p>Pour la suite, nous \u00e9tudions la possibilit\u00e9 de passer par une prestation d&rsquo;un cabinet comptable pour notre comptabilit\u00e9 ainsi que la gestion de la paye des profs de gym et de dessin. Ce qui demandera une nouvelle organisation pour les activit\u00e9s : organisation et gestion par un amicaliste de l&rsquo;activit\u00e9 du d\u00e9but \u00e0 la fin, fourniture du dossier avec les factures au cabinet comptable quand il est termin\u00e9. Chaque activit\u00e9 disposera donc d&rsquo;un r\u00e9f\u00e9rent en charge. Nous vous pr\u00e9parerons le kit du parfait organisateur d&rsquo;activit\u00e9s de l&rsquo;amicale, pour que ceux qui souhaitent proposer des choses puissent le faire facilement.<\/p>\n<p>Comme d&rsquo;habitude, nous restons ouverts \u00e0 vos remarques, id\u00e9es et propositions.<\/p>\n<p>M\u00e9lina<\/p>\n<p>&nbsp;<\/p>\n<p>&nbsp;<\/p>\n<p>&nbsp;<\/p>\n<p>&nbsp;<\/p>\n<p>&nbsp;<\/p>\n<p>&nbsp;<\/p>\n<p>&nbsp;<\/p>\n<p>&nbsp;<\/p>\n<p>&nbsp;<\/p>\n<p>&nbsp;<\/p>\n","protected":false},"excerpt":{"rendered":"<p>Bonjour \u00e0 tous, Un petit mot d&rsquo;information sur les changements en cours \u00e0 l&rsquo;amicale, suite au d\u00e9part de Chantal. Elle a demand\u00e9 une rupture conventionnelle, que le conseil d&rsquo;administration a accept\u00e9e. Elle ne fera donc plus partie de nos effectifs \u00e0 partir du 25 f\u00e9vrier 2013, suite au d\u00e9roulement de [&hellip;]<\/p>\n","protected":false},"author":1,"featured_media":0,"comment_status":"open","ping_status":"closed","sticky":false,"template":"","format":"standard","meta":{"footnotes":""},"categories":[1],"tags":[],"class_list":["post-3249","post","type-post","status-publish","format-standard","hentry","category-actus"],"_links":{"self":[{"href":"https:\/\/www.amicale-aeap.fr\/word\/wp-json\/wp\/v2\/posts\/3249","targetHints":{"allow":["GET"]}}],"collection":[{"href":"https:\/\/www.amicale-aeap.fr\/word\/wp-json\/wp\/v2\/posts"}],"about":[{"href":"https:\/\/www.amicale-aeap.fr\/word\/wp-json\/wp\/v2\/types\/post"}],"author":[{"embeddable":true,"href":"https:\/\/www.amicale-aeap.fr\/word\/wp-json\/wp\/v2\/users\/1"}],"replies":[{"embeddable":true,"href":"https:\/\/www.amicale-aeap.fr\/word\/wp-json\/wp\/v2\/comments?post=3249"}],"version-history":[{"count":5,"href":"https:\/\/www.amicale-aeap.fr\/word\/wp-json\/wp\/v2\/posts\/3249\/revisions"}],"predecessor-version":[{"id":3255,"href":"https:\/\/www.amicale-aeap.fr\/word\/wp-json\/wp\/v2\/posts\/3249\/revisions\/3255"}],"wp:attachment":[{"href":"https:\/\/www.amicale-aeap.fr\/word\/wp-json\/wp\/v2\/media?parent=3249"}],"wp:term":[{"taxonomy":"category","embeddable":true,"href":"https:\/\/www.amicale-aeap.fr\/word\/wp-json\/wp\/v2\/categories?post=3249"},{"taxonomy":"post_tag","embeddable":true,"href":"https:\/\/www.amicale-aeap.fr\/word\/wp-json\/wp\/v2\/tags?post=3249"}],"curies":[{"name":"wp","href":"https:\/\/api.w.org\/{rel}","templated":true}]}}