{"id":3227,"date":"2013-02-05T13:01:20","date_gmt":"2013-02-05T12:01:20","guid":{"rendered":"http:\/\/www.amicale-aeap.fr\/word\/?p=3227"},"modified":"2013-02-05T13:01:20","modified_gmt":"2013-02-05T12:01:20","slug":"ria-2013-la-montagne-ca-se-gagne","status":"publish","type":"post","link":"https:\/\/www.amicale-aeap.fr\/word\/2013\/02\/05\/ria-2013-la-montagne-ca-se-gagne\/","title":{"rendered":"RIA 2013 &#8211; La montagne, \u00e7a se gagne !"},"content":{"rendered":"<p>[pullquote align=\u00a0\u00bbleft|center|right\u00a0\u00bb textalign=\u00a0\u00bbleft|center|right\u00a0\u00bb width=\u00a0\u00bb30%\u00a0\u00bb]La montagne, \u00e7a se gagne &#8230;.. aaaaah ![\/pullquote]<\/p>\n<p>Nous lan\u00e7ons les inscriptions pour les RIA 2013. Elles se d\u00e9rouleront dans un lieu idyllique, \u00e0 la montagne, &#8230;.. on ne sait pas comment elles finiront !<\/p>\n<p>&nbsp;<\/p>\n<p><!--more--><a href=\"http:\/\/www.amicale-aeap.fr\/word\/wp-content\/uploads\/2013\/02\/Karellis.jpg\"><img loading=\"lazy\" decoding=\"async\" class=\"size-full wp-image-3233 alignright\" title=\"Karellis\" src=\"http:\/\/www.amicale-aeap.fr\/word\/wp-content\/uploads\/2013\/02\/Karellis.jpg\" alt=\"\" width=\"298\" height=\"223\" \/><\/a><a href=\"http:\/\/www.amicale-aeap.fr\/word\/wp-content\/uploads\/2013\/02\/les-karellis-montricher-albanne_lightbox.jpg\"><img loading=\"lazy\" decoding=\"async\" class=\"size-medium wp-image-3234 alignright\" title=\"les-karellis-montricher-albanne_lightbox\" src=\"http:\/\/www.amicale-aeap.fr\/word\/wp-content\/uploads\/2013\/02\/les-karellis-montricher-albanne_lightbox-300x199.jpg\" alt=\"\" width=\"300\" height=\"199\" srcset=\"https:\/\/www.amicale-aeap.fr\/word\/wp-content\/uploads\/2013\/02\/les-karellis-montricher-albanne_lightbox-300x199.jpg 300w, https:\/\/www.amicale-aeap.fr\/word\/wp-content\/uploads\/2013\/02\/les-karellis-montricher-albanne_lightbox.jpg 448w\" sizes=\"auto, (max-width: 300px) 100vw, 300px\" \/><\/a><\/p>\n<p>&nbsp;<\/p>\n<p>&nbsp;<\/p>\n<p><strong>Date :<\/strong> 28 au 30 juin 2013<\/p>\n<p><strong>Lieu :<\/strong> Les Karellis<\/p>\n<p><a style=\"color: #0000ff; text-align: left;\" href=\"https:\/\/maps.google.fr\/maps?f=q&amp;source=embed&amp;hl=fr&amp;geocode=&amp;q=karellis+savoie&amp;sll=47.338823,2.988281&amp;sspn=18.560663,46.582031&amp;ie=UTF8&amp;hq=&amp;hnear=Les+Karellis,+Montricher-Albanne,+Savoie,+Rh%C3%B4ne-Alpes&amp;t=h&amp;z=9&amp;ll=45.228481,6.405029\">Voir sur la carte<\/a><br \/>\n<strong>PAF :<\/strong> 90 \u20ac par personne &#8230;<\/p>\n<p><strong>Date limite inscription :<\/strong> 8 mars<\/p>\n<p>&nbsp;<\/p>\n<p><strong>Plus d&rsquo;infos sur le programme ? <\/strong><\/p>\n<p>Pour ceux qui sont physiquement \u00e0 l&rsquo;agence : <strong>I:\\Autres Partages\\AMICALE\\RIA 2013<\/strong><\/p>\n<p><a href=\"http:\/\/www.amicale-aeap.fr\/video\/ria_2013.wmv\">Pour ceux qui ne sont pas physiquement \u00e0 l&rsquo;agence : t\u00e9l\u00e9charger la vid\u00e9o (clic droit, enregistrer la cible du lien sous &#8230; 90Mo environ).<\/a><\/p>\n<p>&nbsp;<\/p>\n<p><strong>Pour vous inscrire : <\/strong><\/p>\n<p><a href=\"http:\/\/www.amicale-aeap.fr\/word\/wp-content\/uploads\/2013\/02\/Bulletin_RIA.pdf\">Bulletin_RIA<\/a><\/p>\n<p><a href=\"http:\/\/www.amicale-aeap.fr\/word\/wp-content\/uploads\/2013\/02\/IMAGE.jpeg\"><img loading=\"lazy\" decoding=\"async\" class=\"size-medium wp-image-3228 alignright\" title=\"IMAGE\" src=\"http:\/\/www.amicale-aeap.fr\/word\/wp-content\/uploads\/2013\/02\/IMAGE-300x77.jpg\" alt=\"\" width=\"300\" height=\"77\" srcset=\"https:\/\/www.amicale-aeap.fr\/word\/wp-content\/uploads\/2013\/02\/IMAGE-300x77.jpg 300w, https:\/\/www.amicale-aeap.fr\/word\/wp-content\/uploads\/2013\/02\/IMAGE.jpeg 1001w\" sizes=\"auto, (max-width: 300px) 100vw, 300px\" \/><\/a><\/p>\n<p>&nbsp;<\/p>\n<p>&nbsp;<\/p>\n<p>&nbsp;<\/p>\n<p>&nbsp;<\/p>\n<p>&nbsp;<\/p>\n<p>&nbsp;<\/p>\n<p>&nbsp;<\/p>\n<p>&nbsp;<\/p>\n","protected":false},"excerpt":{"rendered":"<p>[pullquote align=\u00a0\u00bbleft|center|right\u00a0\u00bb textalign=\u00a0\u00bbleft|center|right\u00a0\u00bb width=\u00a0\u00bb30%\u00a0\u00bb]La montagne, \u00e7a se gagne &#8230;.. aaaaah ![\/pullquote] Nous lan\u00e7ons les inscriptions pour les RIA 2013. Elles se d\u00e9rouleront dans un lieu idyllique, \u00e0 la montagne, &#8230;.. on ne sait pas comment elles finiront ! &nbsp;<\/p>\n","protected":false},"author":1,"featured_media":3233,"comment_status":"open","ping_status":"closed","sticky":false,"template":"","format":"standard","meta":{"footnotes":""},"categories":[34],"tags":[],"class_list":["post-3227","post","type-post","status-publish","format-standard","has-post-thumbnail","hentry","category-rencontres-inter-agences"],"_links":{"self":[{"href":"https:\/\/www.amicale-aeap.fr\/word\/wp-json\/wp\/v2\/posts\/3227","targetHints":{"allow":["GET"]}}],"collection":[{"href":"https:\/\/www.amicale-aeap.fr\/word\/wp-json\/wp\/v2\/posts"}],"about":[{"href":"https:\/\/www.amicale-aeap.fr\/word\/wp-json\/wp\/v2\/types\/post"}],"author":[{"embeddable":true,"href":"https:\/\/www.amicale-aeap.fr\/word\/wp-json\/wp\/v2\/users\/1"}],"replies":[{"embeddable":true,"href":"https:\/\/www.amicale-aeap.fr\/word\/wp-json\/wp\/v2\/comments?post=3227"}],"version-history":[{"count":11,"href":"https:\/\/www.amicale-aeap.fr\/word\/wp-json\/wp\/v2\/posts\/3227\/revisions"}],"predecessor-version":[{"id":3242,"href":"https:\/\/www.amicale-aeap.fr\/word\/wp-json\/wp\/v2\/posts\/3227\/revisions\/3242"}],"wp:featuredmedia":[{"embeddable":true,"href":"https:\/\/www.amicale-aeap.fr\/word\/wp-json\/wp\/v2\/media\/3233"}],"wp:attachment":[{"href":"https:\/\/www.amicale-aeap.fr\/word\/wp-json\/wp\/v2\/media?parent=3227"}],"wp:term":[{"taxonomy":"category","embeddable":true,"href":"https:\/\/www.amicale-aeap.fr\/word\/wp-json\/wp\/v2\/categories?post=3227"},{"taxonomy":"post_tag","embeddable":true,"href":"https:\/\/www.amicale-aeap.fr\/word\/wp-json\/wp\/v2\/tags?post=3227"}],"curies":[{"name":"wp","href":"https:\/\/api.w.org\/{rel}","templated":true}]}}