{"id":3189,"date":"2013-01-25T20:08:55","date_gmt":"2013-01-25T19:08:55","guid":{"rendered":"http:\/\/www.amicale-aeap.fr\/word\/?p=3189"},"modified":"2013-02-02T14:56:59","modified_gmt":"2013-02-02T13:56:59","slug":"la-baule-cru-2013","status":"publish","type":"post","link":"https:\/\/www.amicale-aeap.fr\/word\/2013\/01\/25\/la-baule-cru-2013\/","title":{"rendered":"La Baule, mise \u00e0 jour du bulletin d&rsquo;inscription"},"content":{"rendered":"<p><strong>NB : Le bulletin d&rsquo;inscription et l&rsquo;article ont \u00e9t\u00e9 compl\u00e9t\u00e9s avec les diff\u00e9rents tarifs de tranches selon les r\u00e8gles en vigueur. <\/strong><\/p>\n<p>&#8212;&#8212;&#8212;&#8212;&#8211;<\/p>\n<p>Une semaine au bord de la plage ? On en r\u00eave tous &#8230;<\/p>\n<p>Une semaine pension compl\u00e8te ? Pas de repas \u00e0 pr\u00e9parer &#8230;<\/p>\n<p>Une semaine \u00e0 se faire dorloter en thalasso ? Ca fait du bien &#8230;<\/p>\n<p>Une semaine pour visiter la r\u00e9gion nantaise ? Est-ce que c&rsquo;est assez &#8230;<\/p>\n<p>Une semaine sans la voiture ? Oui, c&rsquo;est possible &#8230;<\/p>\n<p>Une semaine o\u00f9 enfants s&rsquo;amusent et parents se reposent ? Il en fallait &#8230;<\/p>\n<p><!--more--><a href=\"http:\/\/www.amicale-aeap.fr\/word\/wp-content\/uploads\/2013\/01\/labaule_1.jpg\"><img loading=\"lazy\" decoding=\"async\" class=\"alignright size-medium wp-image-3191\" title=\"labaule_1\" src=\"http:\/\/www.amicale-aeap.fr\/word\/wp-content\/uploads\/2013\/01\/labaule_1-300x140.jpg\" alt=\"\" width=\"300\" height=\"140\" srcset=\"https:\/\/www.amicale-aeap.fr\/word\/wp-content\/uploads\/2013\/01\/labaule_1-300x140.jpg 300w, https:\/\/www.amicale-aeap.fr\/word\/wp-content\/uploads\/2013\/01\/labaule_1.jpg 641w\" sizes=\"auto, (max-width: 300px) 100vw, 300px\" \/><\/a><strong>Vous en r\u00eaviez, l&rsquo;amicale le fait ! Une semaine \u00e0 La Baule, en pension compl\u00e8te, \u00e0 50 m\u00e8tres de la plage, \u00e0 45 m\u00e8tres d&rsquo;un centre de thalassoth\u00e9rapie, avec un petit train qui vous emm\u00e8ne au centre-ville, un club enfants pour les amuser pendant que les parents se baladent, &#8230;. \u00e0 chacun son rythme et ses activit\u00e9s.<\/strong><\/p>\n<p>&nbsp;<\/p>\n<p>Le s\u00e9jour comprend :<\/p>\n<p>&#8211; La pension compl\u00e8te, vin au repas (caf\u00e9 non inclus)<\/p>\n<p>&#8211; L\u2019h\u00e9bergement en chambres doubles, sanitaires priv\u00e9s, tel et radio, dans une r\u00e9sidence b\u00e9n\u00e9ficiant d\u2019une situation privil\u00e9gi\u00e9e. Celle-ci est situ\u00e9e \u00e0 deux pas de la plus belle plage d\u2019Europe et \u00e0 50 m du Centre de Thalassoth\u00e9rapie.<\/p>\n<p>&#8211; La r\u00e9sidence se compose de 110 chambres sur 4 \u00e9tages avec ascenseur. le linge de toilette est compris.<\/p>\n<div>-Services : bar, restaurant, salle de spectacle, salons de d\u00e9tente, salle de gymnastique, biblioth\u00e8que, salon TV, club enfants, animations en soir\u00e9e<\/div>\n<p>&nbsp;<\/p>\n<p><a href=\"http:\/\/www.renouveau-vacances.fr\/residence-saint-saens-la-baule.html\" target=\"_blank\">Visitez le site de la r\u00e9sidence<\/a> : tout beau, tout neuf, avec une vision 360\u00b0 de l&rsquo;entr\u00e9e de l&rsquo;h\u00f4tel et de la plage depuis l&rsquo;entr\u00e9e !<\/p>\n<p><a href=\"http:\/\/www.amicale-aeap.fr\/word\/wp-content\/uploads\/2013\/01\/labaule_6.jpg\"><img loading=\"lazy\" decoding=\"async\" class=\"alignright size-medium wp-image-3194\" title=\"labaule_6\" src=\"http:\/\/www.amicale-aeap.fr\/word\/wp-content\/uploads\/2013\/01\/labaule_6-300x140.jpg\" alt=\"\" width=\"300\" height=\"140\" srcset=\"https:\/\/www.amicale-aeap.fr\/word\/wp-content\/uploads\/2013\/01\/labaule_6-300x140.jpg 300w, https:\/\/www.amicale-aeap.fr\/word\/wp-content\/uploads\/2013\/01\/labaule_6.jpg 641w\" sizes=\"auto, (max-width: 300px) 100vw, 300px\" \/><\/a><\/p>\n<p>&nbsp;<\/p>\n<p>Le transport est laiss\u00e9 \u00e0 l\u2019initiative de chacun (SNCF ou voiture). La participation financi\u00e8re est calcul\u00e9e en prenant en compte l\u2019h\u00e9bergement + le transport en train (1 AR par personne), selon les r\u00e8gles en vigueur.<\/p>\n<p><strong>Par exemple\u00a0: <\/strong><\/p>\n<ul>\n<li>Participation financi\u00e8re tranche 1 = ( h\u00e9bergement + train ) x 40 % plafonn\u00e9 \u00e0 200 euros<\/li>\n<li>Tarif tranche 1 = h\u00e9bergement &#8211; participation financi\u00e8re tranche 1<\/li>\n<\/ul>\n<p>&nbsp;<\/p>\n<p>&nbsp;<\/p>\n<p>[notice]<\/p>\n<p>Informations importantes<\/p>\n<ul>\n<li>Ce s\u00e9jour compte comme un voyage avec une participation financi\u00e8re de l\u2019amicale.<\/li>\n<li>Si vous avez d\u00e9j\u00e0 utilis\u00e9 vos 2 participations de 2013, vous ne pouvez pas en b\u00e9n\u00e9ficier pour ce voyage.<\/li>\n<li>Vous ne pouvez pas cumuler 2 participations sur ce s\u00e9jour, il n\u2019est pas annonc\u00e9 comme un \u00ab\u00a0grand voyage\u00a0\u00bb.<\/li>\n<li>Le tarif de groupe est int\u00e9ressant m\u00eame au tarif plein !<\/li>\n<li>Thalassoth\u00e9rapie : en sus \u00e0 r\u00e9server sur place<\/li>\n<li>Il fera tr\u00e8s beau en avril, c&rsquo;est Laurent Cabrol qui l&rsquo;a dit.<\/li>\n<\/ul>\n<p>[\/notice]<\/p>\n<p>&nbsp;<\/p>\n<p><a href=\"http:\/\/www.amicale-aeap.fr\/word\/wp-content\/uploads\/2013\/01\/Bulletin.pdf\">Bulletin d&rsquo;inscription pour La Baule nouvelle version<\/a><\/p>\n<p>&nbsp;<\/p>\n","protected":false},"excerpt":{"rendered":"<p>NB : Le bulletin d&rsquo;inscription et l&rsquo;article ont \u00e9t\u00e9 compl\u00e9t\u00e9s avec les diff\u00e9rents tarifs de tranches selon les r\u00e8gles en vigueur. &#8212;&#8212;&#8212;&#8212;&#8211; Une semaine au bord de la plage ? On en r\u00eave tous &#8230; Une semaine pension compl\u00e8te ? Pas de repas \u00e0 pr\u00e9parer &#8230; Une semaine \u00e0 se [&hellip;]<\/p>\n","protected":false},"author":1,"featured_media":3192,"comment_status":"open","ping_status":"closed","sticky":false,"template":"","format":"standard","meta":{"footnotes":""},"categories":[4],"tags":[],"class_list":["post-3189","post","type-post","status-publish","format-standard","has-post-thumbnail","hentry","category-sorties"],"_links":{"self":[{"href":"https:\/\/www.amicale-aeap.fr\/word\/wp-json\/wp\/v2\/posts\/3189","targetHints":{"allow":["GET"]}}],"collection":[{"href":"https:\/\/www.amicale-aeap.fr\/word\/wp-json\/wp\/v2\/posts"}],"about":[{"href":"https:\/\/www.amicale-aeap.fr\/word\/wp-json\/wp\/v2\/types\/post"}],"author":[{"embeddable":true,"href":"https:\/\/www.amicale-aeap.fr\/word\/wp-json\/wp\/v2\/users\/1"}],"replies":[{"embeddable":true,"href":"https:\/\/www.amicale-aeap.fr\/word\/wp-json\/wp\/v2\/comments?post=3189"}],"version-history":[{"count":12,"href":"https:\/\/www.amicale-aeap.fr\/word\/wp-json\/wp\/v2\/posts\/3189\/revisions"}],"predecessor-version":[{"id":3201,"href":"https:\/\/www.amicale-aeap.fr\/word\/wp-json\/wp\/v2\/posts\/3189\/revisions\/3201"}],"wp:featuredmedia":[{"embeddable":true,"href":"https:\/\/www.amicale-aeap.fr\/word\/wp-json\/wp\/v2\/media\/3192"}],"wp:attachment":[{"href":"https:\/\/www.amicale-aeap.fr\/word\/wp-json\/wp\/v2\/media?parent=3189"}],"wp:term":[{"taxonomy":"category","embeddable":true,"href":"https:\/\/www.amicale-aeap.fr\/word\/wp-json\/wp\/v2\/categories?post=3189"},{"taxonomy":"post_tag","embeddable":true,"href":"https:\/\/www.amicale-aeap.fr\/word\/wp-json\/wp\/v2\/tags?post=3189"}],"curies":[{"name":"wp","href":"https:\/\/api.w.org\/{rel}","templated":true}]}}