{"id":2950,"date":"2012-11-05T11:10:43","date_gmt":"2012-11-05T10:10:43","guid":{"rendered":"http:\/\/www.amicale-aeap.fr\/word\/?p=2950"},"modified":"2012-11-08T10:28:32","modified_gmt":"2012-11-08T09:28:32","slug":"marche-de-noel-a-amiens-le-2-decembre-2012","status":"publish","type":"post","link":"https:\/\/www.amicale-aeap.fr\/word\/2012\/11\/05\/marche-de-noel-a-amiens-le-2-decembre-2012\/","title":{"rendered":"march\u00e9 de No\u00ebl \u00e0 Amiens le 2 d\u00e9cembre 2012"},"content":{"rendered":"<div><img loading=\"lazy\" decoding=\"async\" class=\"size-full wp-image-2955 alignnone\" title=\"imagesCA06JPYJ\" src=\"http:\/\/www.amicale-aeap.fr\/word\/wp-content\/uploads\/2012\/10\/imagesCA06JPYJ1.jpg\" alt=\"\" width=\"186\" height=\"139\" \/>L\u2019Amicale du Personnel vous propose une journ\u00e9e \u00e0 Amiens le Dimanche 2 d\u00e9cembre 2012 pour y d\u00e9couvrir son march\u00e9 de No\u00ebl et son spectacle des colorations de la Cath\u00e9drale.<\/div>\n<p><!--more--><\/p>\n<div><a rel=\"attachment wp-att-2955\" href=\"http:\/\/www.amicale-aeap.fr\/word\/2012\/2950\/imagesca06jpyj-2\"><\/a><\/div>\n<div><strong>D\u00e9roulement de la journ\u00e9e :<\/strong><\/div>\n<div><strong><br \/>\n<\/strong><\/div>\n<ul>\n<li>8h00 : D\u00e9part de Douai<\/li>\n<li>12h00 \u00e0 14h00 : D\u00e9jeuner (boissons comprises) dans un restaurant Ami\u00e9nois<\/li>\n<li>14h00 \u00e0 17h30 : Temps libre sur Amiens et son march\u00e9 de No\u00ebl pour y d\u00e9couvrir les 150 chalets d&rsquo;artisanat, les commerces du centre-ville et les animations de No\u00ebl<\/li>\n<li>17h45 \u00e0 18h45 : Rendez-vous avec votre guide pour un tour de ville comment\u00e9e en autocar<\/li>\n<li>19h00 \u00e0 20h00 : Spectacle des colorations de la Cath\u00e9drale, Place Notre-Dame.<\/li>\n<\/ul>\n<blockquote>\n<div>La nuit tomb\u00e9e, les cloches sonnent : le spectacle va commencer ! Contemplez la fa\u00e7ade occidentale de la cath\u00e9drale, les portails s&rsquo;illuminent, l&rsquo;\u00e9motion vous gagne &#8230;<\/div>\n<\/blockquote>\n<ul>\n<li>20h00 : D\u00e9part d&rsquo;Amiens<\/li>\n<li>21h30 : Retour \u00e0 Douai<\/li>\n<\/ul>\n<p>\u00a0<\/p>\n<div><a href=\"http:\/\/www.amicale-aeap.fr\/word\/wp-content\/uploads\/2012\/10\/bulletin-dinscription-Amiens1.ppt\">T\u00e9l\u00e9chargez le bulletin d&rsquo;inscription pour Amiens<\/a><\/div>\n<div><strong><br \/>\n<\/strong><\/div>\n","protected":false},"excerpt":{"rendered":"<p>L\u2019Amicale du Personnel vous propose une journ\u00e9e \u00e0 Amiens le Dimanche 2 d\u00e9cembre 2012 pour y d\u00e9couvrir son march\u00e9 de No\u00ebl et son spectacle des colorations de la Cath\u00e9drale.<\/p>\n","protected":false},"author":156,"featured_media":2955,"comment_status":"open","ping_status":"closed","sticky":false,"template":"","format":"standard","meta":{"footnotes":""},"categories":[45,4],"tags":[],"class_list":["post-2950","post","type-post","status-publish","format-standard","has-post-thumbnail","hentry","category-noel-2","category-sorties"],"_links":{"self":[{"href":"https:\/\/www.amicale-aeap.fr\/word\/wp-json\/wp\/v2\/posts\/2950","targetHints":{"allow":["GET"]}}],"collection":[{"href":"https:\/\/www.amicale-aeap.fr\/word\/wp-json\/wp\/v2\/posts"}],"about":[{"href":"https:\/\/www.amicale-aeap.fr\/word\/wp-json\/wp\/v2\/types\/post"}],"author":[{"embeddable":true,"href":"https:\/\/www.amicale-aeap.fr\/word\/wp-json\/wp\/v2\/users\/156"}],"replies":[{"embeddable":true,"href":"https:\/\/www.amicale-aeap.fr\/word\/wp-json\/wp\/v2\/comments?post=2950"}],"version-history":[{"count":28,"href":"https:\/\/www.amicale-aeap.fr\/word\/wp-json\/wp\/v2\/posts\/2950\/revisions"}],"predecessor-version":[{"id":2987,"href":"https:\/\/www.amicale-aeap.fr\/word\/wp-json\/wp\/v2\/posts\/2950\/revisions\/2987"}],"wp:featuredmedia":[{"embeddable":true,"href":"https:\/\/www.amicale-aeap.fr\/word\/wp-json\/wp\/v2\/media\/2955"}],"wp:attachment":[{"href":"https:\/\/www.amicale-aeap.fr\/word\/wp-json\/wp\/v2\/media?parent=2950"}],"wp:term":[{"taxonomy":"category","embeddable":true,"href":"https:\/\/www.amicale-aeap.fr\/word\/wp-json\/wp\/v2\/categories?post=2950"},{"taxonomy":"post_tag","embeddable":true,"href":"https:\/\/www.amicale-aeap.fr\/word\/wp-json\/wp\/v2\/tags?post=2950"}],"curies":[{"name":"wp","href":"https:\/\/api.w.org\/{rel}","templated":true}]}}