{"id":2862,"date":"2012-10-12T08:19:47","date_gmt":"2012-10-12T07:19:47","guid":{"rendered":"http:\/\/www.amicale-aeap.fr\/word\/?p=2862"},"modified":"2012-10-12T08:19:47","modified_gmt":"2012-10-12T07:19:47","slug":"petit-melies-soiree-cine-jeunes","status":"publish","type":"post","link":"https:\/\/www.amicale-aeap.fr\/word\/2012\/10\/12\/petit-melies-soiree-cine-jeunes\/","title":{"rendered":"Petit M\u00e9li\u00e8s &amp; soir\u00e9e Cin\u00e9-Jeunes"},"content":{"rendered":"<p><strong>LE PETIT MELIES<\/strong><\/p>\n<p>&nbsp;<\/p>\n<p>Le<strong> cin\u00e9ma M\u00e9li\u00e8s<\/strong> de Villeneuve d&rsquo;Ascq (\u00e0 la sortie de la station TRIOLO) offre une programmation enfantine de qualit\u00e9 :<\/p>\n<ul>\n<li>du 10 au 16 octobre :<strong> la ferme des animaux <\/strong><img decoding=\"async\" src=\"http:\/\/images.allocine.fr\/r_160_240\/b_1_d6d6d6\/medias\/nmedia\/18\/71\/10\/97\/20174000.jpg\" alt=\"La Ferme des animaux\" \/>(animation britannique d\u00e8s 8 ans)<\/li>\n<li>du 17 au 23 octobre : <strong>Laban et Labolina<\/strong><img decoding=\"async\" src=\"http:\/\/fr.web.img1.acsta.net\/r_160_240\/b_1_d6d6d6\/medias\/nmedia\/18\/73\/57\/58\/19237796.jpg\" alt=\"Laban et Labolina\" \/> (animation su\u00e9dois d\u00e8s 2\/3 ans)<\/li>\n<li>du 24 octobre au 6 novembre : <strong>l&rsquo;\u00e9trange pouvoir de Norman<\/strong><img decoding=\"async\" src=\"http:\/\/images.allocine.fr\/r_160_240\/b_1_d6d6d6\/medias\/nmedia\/18\/89\/45\/25\/20135954.jpg\" alt=\"L'\u00c9trange pouvoir de Norman\" \/>(animation am\u00e9ricain d\u00e8s 6 ans)<\/li>\n<li>du 31 octobre au 6 novembre :<strong> 1,2,3 L\u00e9on <\/strong><img decoding=\"async\" src=\"http:\/\/images.allocine.fr\/r_160_240\/b_1_d6d6d6\/medias\/nmedia\/18\/65\/90\/58\/18896658.jpg\" alt=\"1, 2, 3... L\u00e9on !\" \/>(programme de courts m\u00e9trages d&rsquo;animation fran\u00e7ais d\u00e8s 2\/3 ans)<\/li>\n<\/ul>\n<p>&nbsp;<\/p>\n<p>Le <strong>petit m\u00e9li\u00e8s<\/strong> propose lui aussi des tarifs l\u00e0 aussi riquiqui<\/p>\n<ul>\n<li>enfants (-13 ans) 3 \u20ac 20<\/li>\n<li>accompagnant 4 \u20ac 50<\/li>\n<\/ul>\n<p>&nbsp;<\/p>\n<p><strong>SOIREE CINE-JEUNES<\/strong><\/p>\n<p>&nbsp;<\/p>\n<p>le samedi 20 octobre \u00e0 19H45\u00a0 2 films \u00ab\u00a0<strong>High school way of\u00a0 life<\/strong>\u00a0\u00bb et toujours \u00e0 un prix attractif\u00a0 <strong>5 \u20ac seulement<\/strong> les 2 films !<\/p>\n<ul>\n<li>The Breakfast Club<img decoding=\"async\" src=\"http:\/\/multimedia.fnac.com\/multimedia\/images_produits\/grandes110\/6\/8\/1\/5050582064186.gif\" alt=\"Breakfast Club (DVD)\" \/><\/li>\n<\/ul>\n<p>Tout le film se passe un samedi, lorsque les cinq personnages se  retrouvent ensemble en retenue. Ils apprendront \u00e0 passer outre leurs  r\u00e9putations respectives et \u00e0 s&rsquo;appr\u00e9cier mutuellement.<\/p>\n<p>Du d\u00e9but \u00e0 la fin, <em>The Breakfast Club<\/em> nous entra\u00eene dans un  univers auquel tout adolescent s&rsquo;est identifi\u00e9. La bande originale est  compos\u00e9e de morceaux classiques de l&rsquo;\u00e9poque, dont <em>Don&rsquo;t You (Forget About Me)<\/em> interpr\u00e9t\u00e9 par <a title=\"Simple Minds\" href=\"http:\/\/fr.wikipedia.org\/wiki\/Simple_Minds\">Simple Minds<\/a> qui ouvre \u00e0 ces derniers le march\u00e9 am\u00e9ricain (#1 aux \u00c9.U.). La fin  constitue l&rsquo;un des moments les plus forts du film, amenant le spectateur  au th\u00e8me m\u00eame du film par le biais du sujet impos\u00e9 aux \u00e9l\u00e8ves en  retenue\u00a0: \u00ab\u00a0Qui pensez-vous \u00eatre\u00a0?\u00a0\u00bb.<\/p>\n<p>&nbsp;<\/p>\n<ul>\n<li>The We and the I<img decoding=\"async\" src=\"http:\/\/images.allocine.fr\/r_160_240\/b_1_d6d6d6\/medias\/nmedia\/18\/90\/40\/03\/20200389.jpg\" alt=\"The We and The I\" \/><\/li>\n<\/ul>\n<p>C&rsquo;est la fin de l&rsquo;ann\u00e9e. Les \u00e9l\u00e8ves d\u2019un lyc\u00e9e du Bronx grimpent dans le  m\u00eame bus pour un dernier trajet ensemble avant l\u2019\u00e9t\u00e9. Le groupe  d&rsquo;adolescents bruyants et exub\u00e9rants, avec ses bizuteurs, ses victimes,  ses amoureux\u2026 \u00e9volue et se transforme au fur et \u00e0 mesure que le bus se  vide.<br \/>\nLes relations deviennent alors plus intimes et nous r\u00e9v\u00e8lent les facettes cach\u00e9es de leur personnalit\u00e9\u2026<\/p>\n<p>&nbsp;<\/p>\n","protected":false},"excerpt":{"rendered":"<p>LE PETIT MELIES &nbsp; Le cin\u00e9ma M\u00e9li\u00e8s de Villeneuve d&rsquo;Ascq (\u00e0 la sortie de la station TRIOLO) offre une programmation enfantine de qualit\u00e9 : du 10 au 16 octobre : la ferme des animaux (animation britannique d\u00e8s 8 ans) du 17 au 23 octobre : Laban et Labolina (animation su\u00e9dois [&hellip;]<\/p>\n","protected":false},"author":156,"featured_media":0,"comment_status":"open","ping_status":"closed","sticky":false,"template":"","format":"standard","meta":{"footnotes":""},"categories":[28],"tags":[41,33,42],"class_list":["post-2862","post","type-post","status-publish","format-standard","hentry","category-bons-plans","tag-cinema","tag-enfant","tag-villeneuve-dascq"],"_links":{"self":[{"href":"https:\/\/www.amicale-aeap.fr\/word\/wp-json\/wp\/v2\/posts\/2862","targetHints":{"allow":["GET"]}}],"collection":[{"href":"https:\/\/www.amicale-aeap.fr\/word\/wp-json\/wp\/v2\/posts"}],"about":[{"href":"https:\/\/www.amicale-aeap.fr\/word\/wp-json\/wp\/v2\/types\/post"}],"author":[{"embeddable":true,"href":"https:\/\/www.amicale-aeap.fr\/word\/wp-json\/wp\/v2\/users\/156"}],"replies":[{"embeddable":true,"href":"https:\/\/www.amicale-aeap.fr\/word\/wp-json\/wp\/v2\/comments?post=2862"}],"version-history":[{"count":4,"href":"https:\/\/www.amicale-aeap.fr\/word\/wp-json\/wp\/v2\/posts\/2862\/revisions"}],"predecessor-version":[{"id":2864,"href":"https:\/\/www.amicale-aeap.fr\/word\/wp-json\/wp\/v2\/posts\/2862\/revisions\/2864"}],"wp:attachment":[{"href":"https:\/\/www.amicale-aeap.fr\/word\/wp-json\/wp\/v2\/media?parent=2862"}],"wp:term":[{"taxonomy":"category","embeddable":true,"href":"https:\/\/www.amicale-aeap.fr\/word\/wp-json\/wp\/v2\/categories?post=2862"},{"taxonomy":"post_tag","embeddable":true,"href":"https:\/\/www.amicale-aeap.fr\/word\/wp-json\/wp\/v2\/tags?post=2862"}],"curies":[{"name":"wp","href":"https:\/\/api.w.org\/{rel}","templated":true}]}}